{"id":71249,"date":"2025-12-01T13:14:47","date_gmt":"2025-12-01T10:14:47","guid":{"rendered":"https:\/\/www.egemtv.com\/?p=71249"},"modified":"2025-12-01T13:14:48","modified_gmt":"2025-12-01T10:14:48","slug":"manda-yogurdu-satma-bahanesiyle-yaslilari-tirnakcilikla-dolandirdi","status":"publish","type":"post","link":"https:\/\/www.egemtv.com\/?p=71249","title":{"rendered":"Manda yo\u011furdu satma bahanesiyle ya\u015fl\u0131lar\u0131 \u2019t\u0131rnak\u00e7\u0131l\u0131k\u2019la doland\u0131rd\u0131"},"content":{"rendered":"<p>\u0130zmir\u2019de manda yo\u011furdu satma bahanesiyle ya\u015fl\u0131 kad\u0131nlar\u0131 \u2019t\u0131rnak\u00e7\u0131l\u0131k\u2019 y\u00f6ntemiyle doland\u0131ran \u015fah\u0131s kameradan tespit edilip yakaland\u0131.<br \/>\n<br \/>Olay, \u00f6nceki g\u00fcn Konak il\u00e7esinin G\u00f6ztepe semtindeki bir apartmanda meydana geldi. &#8220;Manda yo\u011furdu sat\u0131yoruz&#8221; bahanesiyle kap\u0131 kap\u0131 dola\u015fan doland\u0131r\u0131c\u0131, \u00f6zellikle yaln\u0131z ya\u015fayan ya\u015fl\u0131 kad\u0131nlar\u0131 hedef ald\u0131. \u015e\u00fcpheli, \u00f6nce g\u00fcven kazand\u0131\u011f\u0131 evlere girmeyi ba\u015fard\u0131, ard\u0131ndan bak\u0131c\u0131y\u0131 kap getirtme bahanesiyle mutfa\u011fa g\u00f6nderip ya\u015fl\u0131 kad\u0131n\u0131n yaln\u0131z kalmas\u0131n\u0131 sa\u011flad\u0131. G\u00fcvenlik kameras\u0131 g\u00f6r\u00fcnt\u00fclerinde, doland\u0131r\u0131c\u0131n\u0131n, ya\u015fl\u0131 kad\u0131n\u0131n \u00e7antas\u0131ndan paralar\u0131 h\u0131zl\u0131 bir \u015fekilde \u00e7ald\u0131\u011f\u0131 ve cebinden \u00e7\u0131kartt\u0131\u011f\u0131 k\u00fc\u00e7\u00fck mebla\u011fl\u0131 paralar\u0131 kad\u0131n\u0131n paras\u0131ym\u0131\u015f gibi g\u00f6sterdi\u011fi anlar yer ald\u0131. \u015e\u00fcpheli, daha sonra kad\u0131n\u0131n cebindeki b\u00fcy\u00fck mebla\u011flar\u0131 alarak olay yerinden ayr\u0131ld\u0131. Mahalle sakinlerinin ifadelerine g\u00f6re, \u015f\u00fcpheli, ayn\u0131 y\u00f6ntemle farkl\u0131 apartmanlarda da doland\u0131r\u0131c\u0131l\u0131k yapmay\u0131 s\u00fcrd\u00fcrd\u00fc.<br \/>\n<br \/>\u0130hbar \u00fczerine \u00e7al\u0131\u015fma ba\u015flatan polis ekipleri \u015f\u00fcpheliyi g\u00fcvenlik kameras\u0131 kay\u0131tlar\u0131ndan espit ederek g\u00f6zalt\u0131na ald\u0131.<br \/><\/p>\n","protected":false},"excerpt":{"rendered":"<p>\u0130zmir\u2019de manda yo\u011furdu satma bahanesiyle ya\u015fl\u0131 kad\u0131nlar\u0131 \u2019t\u0131rnak\u00e7\u0131l\u0131k\u2019 y\u00f6ntemiyle doland\u0131ran \u015fah\u0131s kameradan tespit edilip yakaland\u0131. Olay, \u00f6nceki g\u00fcn Konak il\u00e7esinin G\u00f6ztepe semtindeki bir apartmanda meydana geldi. &#8220;Manda yo\u011furdu sat\u0131yoruz&#8221; bahanesiyle kap\u0131 kap\u0131 dola\u015fan doland\u0131r\u0131c\u0131, \u00f6zellikle yaln\u0131z ya\u015fayan ya\u015fl\u0131 kad\u0131nlar\u0131 hedef ald\u0131. \u015e\u00fcpheli, \u00f6nce g\u00fcven kazand\u0131\u011f\u0131 evlere girmeyi ba\u015fard\u0131, ard\u0131ndan bak\u0131c\u0131y\u0131 kap getirtme bahanesiyle mutfa\u011fa g\u00f6nderip&#8230;<\/p>\n","protected":false},"author":1,"featured_media":71250,"comment_status":"open","ping_status":"open","sticky":false,"template":"","format":"standard","meta":{"_crdt_document":"","footnotes":""},"categories":[5],"tags":[],"class_list":["post-71249","post","type-post","status-publish","format-standard","has-post-thumbnail","hentry","category-asayis"],"_links":{"self":[{"href":"https:\/\/www.egemtv.com\/index.php?rest_route=\/wp\/v2\/posts\/71249","targetHints":{"allow":["GET"]}}],"collection":[{"href":"https:\/\/www.egemtv.com\/index.php?rest_route=\/wp\/v2\/posts"}],"about":[{"href":"https:\/\/www.egemtv.com\/index.php?rest_route=\/wp\/v2\/types\/post"}],"author":[{"embeddable":true,"href":"https:\/\/www.egemtv.com\/index.php?rest_route=\/wp\/v2\/users\/1"}],"replies":[{"embeddable":true,"href":"https:\/\/www.egemtv.com\/index.php?rest_route=%2Fwp%2Fv2%2Fcomments&post=71249"}],"version-history":[{"count":1,"href":"https:\/\/www.egemtv.com\/index.php?rest_route=\/wp\/v2\/posts\/71249\/revisions"}],"predecessor-version":[{"id":71251,"href":"https:\/\/www.egemtv.com\/index.php?rest_route=\/wp\/v2\/posts\/71249\/revisions\/71251"}],"wp:featuredmedia":[{"embeddable":true,"href":"https:\/\/www.egemtv.com\/index.php?rest_route=\/wp\/v2\/media\/71250"}],"wp:attachment":[{"href":"https:\/\/www.egemtv.com\/index.php?rest_route=%2Fwp%2Fv2%2Fmedia&parent=71249"}],"wp:term":[{"taxonomy":"category","embeddable":true,"href":"https:\/\/www.egemtv.com\/index.php?rest_route=%2Fwp%2Fv2%2Fcategories&post=71249"},{"taxonomy":"post_tag","embeddable":true,"href":"https:\/\/www.egemtv.com\/index.php?rest_route=%2Fwp%2Fv2%2Ftags&post=71249"}],"curies":[{"name":"wp","href":"https:\/\/api.w.org\/{rel}","templated":true}]}}