{"id":71246,"date":"2025-12-01T13:14:47","date_gmt":"2025-12-01T10:14:47","guid":{"rendered":"https:\/\/www.egemtv.com\/?p=71246"},"modified":"2025-12-01T13:14:47","modified_gmt":"2025-12-01T10:14:47","slug":"atil-tarim-arazilerinin-listesini-vermeyen-muhtar-gorevden-uzaklastirildi","status":"publish","type":"post","link":"https:\/\/www.egemtv.com\/?p=71246","title":{"rendered":"At\u0131l tar\u0131m arazilerinin listesini vermeyen muhtar g\u00f6revden uzakla\u015ft\u0131r\u0131ld\u0131"},"content":{"rendered":"<p>Denizli\u2019nin Ac\u0131payam il\u00e7esinde at\u0131l tar\u0131m arazilerin tespiti i\u00e7in talep edilen ekim listeleri zaman\u0131nda teslim etmeyen 23 mahalle muhtar\u0131ndan savunma istendi, 1 muhtar g\u00f6revden uzakla\u015ft\u0131r\u0131ld\u0131.<\/p>\n<p>Tar\u0131m ve Orman Bakanl\u0131\u011f\u0131, bu y\u0131ldan itibaren at\u0131l tar\u0131m arazilerini tespit edip kiraya vererek ekonomiye kazand\u0131racak. At\u0131l tar\u0131m arazilerinin \u00fclke ekonomisine kazand\u0131r\u0131lmas\u0131 i\u00e7in y\u00fcr\u00fct\u00fclen \u00e7al\u0131\u015fmalar kapsam\u0131nda Bakanl\u0131k t\u00fcm tar\u0131m b\u00f6lgelerinde at\u0131l tar\u0131m arazilerinin tespitini yap\u0131yor. Tar\u0131m ve Orman M\u00fcd\u00fcrl\u00fc\u011f\u00fc ekipleri ile muhtarlar\u0131n ortakla\u015fa y\u00fcr\u00fctt\u00fc\u011f\u00fc \u00e7al\u0131\u015fmalar s\u00fcrerken durum, Denizli\u2019nin Ac\u0131payam il\u00e7esinde krize d\u00f6n\u00fc\u015ft\u00fc.<\/p>\n<p>Ac\u0131payam Kaymakaml\u0131\u011f\u0131, at\u0131l tar\u0131m arazilerinin tespitinin yap\u0131lmas\u0131 i\u00e7in muhtarlara yaz\u0131 g\u00f6nderdi. Resmi yaz\u0131yla mahalle s\u0131n\u0131rlar\u0131 i\u00e7indeki tar\u0131m arazilerinin ekili olup olmad\u0131\u011f\u0131n\u0131n tespiti amac\u0131yla muhtarlardan \u00e7etele yani ekim listesi talep edildi. Muhtarlardan, haz\u0131rlanan listeleri belirlenen s\u00fcre i\u00e7inde \u0130l\u00e7e Tar\u0131m M\u00fcd\u00fcrl\u00fc\u011f\u00fcne teslim etmeleri istendi.<\/p>\n<p>Ac\u0131payam\u2019daki 56 muhtar, mahallelerindeki at\u0131l arazilerin tespiti ile ilgili ekim listelerini kaymakaml\u0131\u011fa g\u00f6nderdi. Ac\u0131payam\u2019da kaymakaml\u0131k taraf\u0131ndan duyurulan tarihler i\u00e7erisinde ekim listelerini haz\u0131rlamayarak, g\u00f6revlerini yerine getirmeyen 23 muhtar\u0131n savunmas\u0131 istenirken, bir muhtar ise g\u00f6revden al\u0131narak yerine azas\u0131 atand\u0131.<br \/><\/p>\n","protected":false},"excerpt":{"rendered":"<p>Denizli\u2019nin Ac\u0131payam il\u00e7esinde at\u0131l tar\u0131m arazilerin tespiti i\u00e7in talep edilen ekim listeleri zaman\u0131nda teslim etmeyen 23 mahalle muhtar\u0131ndan savunma istendi, 1 muhtar g\u00f6revden uzakla\u015ft\u0131r\u0131ld\u0131. Tar\u0131m ve Orman Bakanl\u0131\u011f\u0131, bu y\u0131ldan itibaren at\u0131l tar\u0131m arazilerini tespit edip kiraya vererek ekonomiye kazand\u0131racak. At\u0131l tar\u0131m arazilerinin \u00fclke ekonomisine kazand\u0131r\u0131lmas\u0131 i\u00e7in y\u00fcr\u00fct\u00fclen \u00e7al\u0131\u015fmalar kapsam\u0131nda Bakanl\u0131k t\u00fcm tar\u0131m b\u00f6lgelerinde at\u0131l&#8230;<\/p>\n","protected":false},"author":1,"featured_media":71247,"comment_status":"open","ping_status":"open","sticky":false,"template":"","format":"standard","meta":{"_crdt_document":"","footnotes":""},"categories":[125],"tags":[],"class_list":["post-71246","post","type-post","status-publish","format-standard","has-post-thumbnail","hentry","category-ekonomi"],"_links":{"self":[{"href":"https:\/\/www.egemtv.com\/index.php?rest_route=\/wp\/v2\/posts\/71246","targetHints":{"allow":["GET"]}}],"collection":[{"href":"https:\/\/www.egemtv.com\/index.php?rest_route=\/wp\/v2\/posts"}],"about":[{"href":"https:\/\/www.egemtv.com\/index.php?rest_route=\/wp\/v2\/types\/post"}],"author":[{"embeddable":true,"href":"https:\/\/www.egemtv.com\/index.php?rest_route=\/wp\/v2\/users\/1"}],"replies":[{"embeddable":true,"href":"https:\/\/www.egemtv.com\/index.php?rest_route=%2Fwp%2Fv2%2Fcomments&post=71246"}],"version-history":[{"count":1,"href":"https:\/\/www.egemtv.com\/index.php?rest_route=\/wp\/v2\/posts\/71246\/revisions"}],"predecessor-version":[{"id":71248,"href":"https:\/\/www.egemtv.com\/index.php?rest_route=\/wp\/v2\/posts\/71246\/revisions\/71248"}],"wp:featuredmedia":[{"embeddable":true,"href":"https:\/\/www.egemtv.com\/index.php?rest_route=\/wp\/v2\/media\/71247"}],"wp:attachment":[{"href":"https:\/\/www.egemtv.com\/index.php?rest_route=%2Fwp%2Fv2%2Fmedia&parent=71246"}],"wp:term":[{"taxonomy":"category","embeddable":true,"href":"https:\/\/www.egemtv.com\/index.php?rest_route=%2Fwp%2Fv2%2Fcategories&post=71246"},{"taxonomy":"post_tag","embeddable":true,"href":"https:\/\/www.egemtv.com\/index.php?rest_route=%2Fwp%2Fv2%2Ftags&post=71246"}],"curies":[{"name":"wp","href":"https:\/\/api.w.org\/{rel}","templated":true}]}}