{"id":71243,"date":"2025-12-01T12:55:02","date_gmt":"2025-12-01T09:55:02","guid":{"rendered":"https:\/\/www.egemtv.com\/?p=71243"},"modified":"2025-12-01T12:55:03","modified_gmt":"2025-12-01T09:55:03","slug":"buyukaslihanlar-koyune-hayirseverlerin-destegiyle-saglikli-icme-suyu","status":"publish","type":"post","link":"https:\/\/www.egemtv.com\/?p=71243","title":{"rendered":"B\u00fcy\u00fckasl\u0131hanlar k\u00f6y\u00fcne hay\u0131rseverlerin deste\u011fiyle sa\u011fl\u0131kl\u0131 i\u00e7me suyu"},"content":{"rendered":"<p>K\u00fctahya\u2019n\u0131n Dumlup\u0131nar il\u00e7esine ba\u011fl\u0131 B\u00fcy\u00fckasl\u0131hanlar k\u00f6y\u00fcnde, hay\u0131rseverlerin katk\u0131lar\u0131yla sa\u011fl\u0131kl\u0131 i\u00e7me suyu temini amac\u0131yla sondaj a\u00e7\u0131lmas\u0131, terfi binas\u0131 ve terfi hatt\u0131 yap\u0131m \u00e7al\u0131\u015fmalar\u0131na ba\u015fland\u0131\u011f\u0131 bildirildi.<br \/>\n<br \/>Projenin uygulanmas\u0131 kapsam\u0131nda, K\u00f6ylere Hizmet G\u00f6t\u00fcrme Birli\u011fi Ba\u015fkan\u0131 olan Dumlup\u0131nar Kaymakam\u0131 Alperen Teltik ve projeye destek veren hay\u0131rsever vatanda\u015flar taraf\u0131ndan i\u00e7me suyu sondaj\u0131na ili\u015fkin protokol imzaland\u0131.<br \/>\n<br \/>Kaymakam Teltik, projenin k\u00f6y halk\u0131 i\u00e7in \u00f6nemine dikkat \u00e7ekerek, &#8220;\u00c7al\u0131\u015fman\u0131n hayata ge\u00e7irilmesinde eme\u011fi bulunan, destek veren ve katk\u0131 sa\u011flayan herkese te\u015fekk\u00fcr ediyorum. Projenin k\u00f6y\u00fcm\u00fcze hay\u0131rl\u0131 olmas\u0131n\u0131 diliyorum&#8221; ifadelerini kulland\u0131.<br \/><\/p>\n","protected":false},"excerpt":{"rendered":"<p>K\u00fctahya\u2019n\u0131n Dumlup\u0131nar il\u00e7esine ba\u011fl\u0131 B\u00fcy\u00fckasl\u0131hanlar k\u00f6y\u00fcnde, hay\u0131rseverlerin katk\u0131lar\u0131yla sa\u011fl\u0131kl\u0131 i\u00e7me suyu temini amac\u0131yla sondaj a\u00e7\u0131lmas\u0131, terfi binas\u0131 ve terfi hatt\u0131 yap\u0131m \u00e7al\u0131\u015fmalar\u0131na ba\u015fland\u0131\u011f\u0131 bildirildi. Projenin uygulanmas\u0131 kapsam\u0131nda, K\u00f6ylere Hizmet G\u00f6t\u00fcrme Birli\u011fi Ba\u015fkan\u0131 olan Dumlup\u0131nar Kaymakam\u0131 Alperen Teltik ve projeye destek veren hay\u0131rsever vatanda\u015flar taraf\u0131ndan i\u00e7me suyu sondaj\u0131na ili\u015fkin protokol imzaland\u0131. Kaymakam Teltik, projenin k\u00f6y halk\u0131&#8230;<\/p>\n","protected":false},"author":1,"featured_media":71244,"comment_status":"open","ping_status":"open","sticky":false,"template":"","format":"standard","meta":{"_crdt_document":"","footnotes":""},"categories":[125],"tags":[],"class_list":["post-71243","post","type-post","status-publish","format-standard","has-post-thumbnail","hentry","category-ekonomi"],"_links":{"self":[{"href":"https:\/\/www.egemtv.com\/index.php?rest_route=\/wp\/v2\/posts\/71243","targetHints":{"allow":["GET"]}}],"collection":[{"href":"https:\/\/www.egemtv.com\/index.php?rest_route=\/wp\/v2\/posts"}],"about":[{"href":"https:\/\/www.egemtv.com\/index.php?rest_route=\/wp\/v2\/types\/post"}],"author":[{"embeddable":true,"href":"https:\/\/www.egemtv.com\/index.php?rest_route=\/wp\/v2\/users\/1"}],"replies":[{"embeddable":true,"href":"https:\/\/www.egemtv.com\/index.php?rest_route=%2Fwp%2Fv2%2Fcomments&post=71243"}],"version-history":[{"count":1,"href":"https:\/\/www.egemtv.com\/index.php?rest_route=\/wp\/v2\/posts\/71243\/revisions"}],"predecessor-version":[{"id":71245,"href":"https:\/\/www.egemtv.com\/index.php?rest_route=\/wp\/v2\/posts\/71243\/revisions\/71245"}],"wp:featuredmedia":[{"embeddable":true,"href":"https:\/\/www.egemtv.com\/index.php?rest_route=\/wp\/v2\/media\/71244"}],"wp:attachment":[{"href":"https:\/\/www.egemtv.com\/index.php?rest_route=%2Fwp%2Fv2%2Fmedia&parent=71243"}],"wp:term":[{"taxonomy":"category","embeddable":true,"href":"https:\/\/www.egemtv.com\/index.php?rest_route=%2Fwp%2Fv2%2Fcategories&post=71243"},{"taxonomy":"post_tag","embeddable":true,"href":"https:\/\/www.egemtv.com\/index.php?rest_route=%2Fwp%2Fv2%2Ftags&post=71243"}],"curies":[{"name":"wp","href":"https:\/\/api.w.org\/{rel}","templated":true}]}}