{"id":71240,"date":"2025-12-01T12:55:01","date_gmt":"2025-12-01T09:55:01","guid":{"rendered":"https:\/\/www.egemtv.com\/?p=71240"},"modified":"2025-12-01T12:55:02","modified_gmt":"2025-12-01T09:55:02","slug":"mudur-yildirak-ogrencilerle-bulustu","status":"publish","type":"post","link":"https:\/\/www.egemtv.com\/?p=71240","title":{"rendered":"M\u00fcd\u00fcr Y\u0131ld\u0131rak \u00f6\u011frencilerle bulu\u015ftu"},"content":{"rendered":"<p>Sar\u0131g\u00f6l \u0130l\u00e7e Milli E\u011fitim M\u00fcd\u00fcr\u00fc Cezmi Y\u0131ld\u0131rak, bayrak t\u00f6renine kat\u0131ld\u0131\u011f\u0131 okulda \u00f6\u011frencilerle sohbet edip \u00f6\u011fretmenlerle e\u011fitim s\u00fcrecine dair de\u011ferlendirmelerde bulundu.<br \/>\n<br \/>Manisa\u2019n\u0131n Sar\u0131g\u00f6l \u0130l\u00e7e Milli E\u011fitim M\u00fcd\u00fcr\u00fc Cezmi Y\u0131ld\u0131rak, K\u0131z\u0131l\u00e7ukur \u015eehit Ahmet \u015e\u0131lak Ortaokulunu ziyaret ederek \u00f6\u011frenciler ve \u00f6\u011fretmenlerle bir araya geldi.<br \/>\n<br \/>Sabah ger\u00e7ekle\u015ftirilen bayrak t\u00f6renine kat\u0131lan M\u00fcd\u00fcr Y\u0131ld\u0131rak, t\u00f6renin ard\u0131ndan s\u0131n\u0131flar\u0131 gezerek \u00f6\u011frencilerle sohbet etti. \u00d6\u011frencilerin derslerine ilgisini ve okul ortam\u0131n\u0131 yerinde g\u00f6zlemleyen Y\u0131ld\u0131rak, \u00e7ocuklar\u0131n hedefleri hakk\u0131nda da bilgi ald\u0131.<br \/>\n<br \/>Ziyaret program\u0131 kapsam\u0131nda \u00f6\u011fretmenlerle de toplant\u0131 yapan Y\u0131ld\u0131rak, e\u011fitim-\u00f6\u011fretim s\u00fcre\u00e7lerine ili\u015fkin de\u011ferlendirmelerde bulundu. \u00d6\u011frencilerin akademik ve sosyal geli\u015fimlerinin \u00f6nemine vurgu yapan Y\u0131ld\u0131rak, okulun ihtiya\u00e7lar\u0131 ve y\u00fcr\u00fct\u00fclen \u00e7al\u0131\u015fmalar hakk\u0131nda bilgi alarak \u00f6\u011fretmenlere ba\u015far\u0131lar diledi.<br \/>\n<br \/>Yetkililer, e\u011fitimde niteli\u011fi art\u0131rmaya y\u00f6nelik okul ziyaretlerinin devam edece\u011fini bildirdi.<br \/><\/p>\n","protected":false},"excerpt":{"rendered":"<p>Sar\u0131g\u00f6l \u0130l\u00e7e Milli E\u011fitim M\u00fcd\u00fcr\u00fc Cezmi Y\u0131ld\u0131rak, bayrak t\u00f6renine kat\u0131ld\u0131\u011f\u0131 okulda \u00f6\u011frencilerle sohbet edip \u00f6\u011fretmenlerle e\u011fitim s\u00fcrecine dair de\u011ferlendirmelerde bulundu. Manisa\u2019n\u0131n Sar\u0131g\u00f6l \u0130l\u00e7e Milli E\u011fitim M\u00fcd\u00fcr\u00fc Cezmi Y\u0131ld\u0131rak, K\u0131z\u0131l\u00e7ukur \u015eehit Ahmet \u015e\u0131lak Ortaokulunu ziyaret ederek \u00f6\u011frenciler ve \u00f6\u011fretmenlerle bir araya geldi. Sabah ger\u00e7ekle\u015ftirilen bayrak t\u00f6renine kat\u0131lan M\u00fcd\u00fcr Y\u0131ld\u0131rak, t\u00f6renin ard\u0131ndan s\u0131n\u0131flar\u0131 gezerek \u00f6\u011frencilerle sohbet etti&#8230;.<\/p>\n","protected":false},"author":1,"featured_media":71241,"comment_status":"open","ping_status":"open","sticky":false,"template":"","format":"standard","meta":{"_crdt_document":"","footnotes":""},"categories":[1],"tags":[],"class_list":["post-71240","post","type-post","status-publish","format-standard","has-post-thumbnail","hentry","category-guncel"],"_links":{"self":[{"href":"https:\/\/www.egemtv.com\/index.php?rest_route=\/wp\/v2\/posts\/71240","targetHints":{"allow":["GET"]}}],"collection":[{"href":"https:\/\/www.egemtv.com\/index.php?rest_route=\/wp\/v2\/posts"}],"about":[{"href":"https:\/\/www.egemtv.com\/index.php?rest_route=\/wp\/v2\/types\/post"}],"author":[{"embeddable":true,"href":"https:\/\/www.egemtv.com\/index.php?rest_route=\/wp\/v2\/users\/1"}],"replies":[{"embeddable":true,"href":"https:\/\/www.egemtv.com\/index.php?rest_route=%2Fwp%2Fv2%2Fcomments&post=71240"}],"version-history":[{"count":1,"href":"https:\/\/www.egemtv.com\/index.php?rest_route=\/wp\/v2\/posts\/71240\/revisions"}],"predecessor-version":[{"id":71242,"href":"https:\/\/www.egemtv.com\/index.php?rest_route=\/wp\/v2\/posts\/71240\/revisions\/71242"}],"wp:featuredmedia":[{"embeddable":true,"href":"https:\/\/www.egemtv.com\/index.php?rest_route=\/wp\/v2\/media\/71241"}],"wp:attachment":[{"href":"https:\/\/www.egemtv.com\/index.php?rest_route=%2Fwp%2Fv2%2Fmedia&parent=71240"}],"wp:term":[{"taxonomy":"category","embeddable":true,"href":"https:\/\/www.egemtv.com\/index.php?rest_route=%2Fwp%2Fv2%2Fcategories&post=71240"},{"taxonomy":"post_tag","embeddable":true,"href":"https:\/\/www.egemtv.com\/index.php?rest_route=%2Fwp%2Fv2%2Ftags&post=71240"}],"curies":[{"name":"wp","href":"https:\/\/api.w.org\/{rel}","templated":true}]}}