{"id":71237,"date":"2025-12-01T12:55:00","date_gmt":"2025-12-01T09:55:00","guid":{"rendered":"https:\/\/www.egemtv.com\/?p=71237"},"modified":"2025-12-01T12:55:01","modified_gmt":"2025-12-01T09:55:01","slug":"aydinda-2-bin-554-gida-isletmesi-denetlendi","status":"publish","type":"post","link":"https:\/\/www.egemtv.com\/?p=71237","title":{"rendered":"Ayd\u0131n\u2019da 2 bin 554 g\u0131da i\u015fletmesi denetlendi"},"content":{"rendered":"<p>Ayd\u0131n \u0130l Tar\u0131m ve Orman M\u00fcd\u00fcrl\u00fc\u011f\u00fc taraf\u0131ndan y\u00fcr\u00fct\u00fclen denetimler kapsam\u0131nda Kas\u0131m ay\u0131nda il genelinde denetlenen 2 bin 554 i\u015fletmede, 22 eksiklik ve uygunsuzluk tespit edildi.<\/p>\n<p>Ayd\u0131n Valili\u011fi koordinasyonunda Ayd\u0131n \u0130l Tar\u0131m ve Orman M\u00fcd\u00fcrl\u00fc\u011f\u00fc ekipleri taraf\u0131ndan Kas\u0131m ay\u0131nda ekmek \u00fcretiminden marketlere, kahvehanelerden lokanta ve restoranlara kadar geni\u015f bir yelpazede denetim ger\u00e7ekle\u015ftirildi. \u00c7al\u0131\u015fma raporlar\u0131na g\u00f6re denetlenen; ekmek ve \u00e7e\u015fitleri \u00fcretimi yapan 33 i\u015fletmede 2 , 414 markette 3, 249 kahvehanede 1, 304 lokanta ve restoranda 2, 92 kasapta 1, haz\u0131r yemek \u00fcreten 16 i\u015fletmede 1, 806 sebze ve meyve i\u015fletmesinde 10 ve 338 fastfood i\u015fletmesinde 2 eksiklik ve uygunsuzluk tespit edildi. \u00d6te yandan denetlenen 78 \u015fark\u00fcteri, 51 okul kantini, 87 unlu mamuller i\u015fetmesi, 86 kafe ve barda ise herhangi bir soruna rastlanmad\u0131.<\/p>\n<p>\u00c7al\u0131\u015fmalar sonucunda yetkililer, vatanda\u015flar\u0131n sa\u011fl\u0131kl\u0131 ve g\u00fcvenilir g\u0131daya ula\u015fmas\u0131n\u0131n temel \u00f6ncelik oldu\u011funu, bu do\u011frultuda denetimlerin il genelinde aral\u0131ks\u0131z s\u00fcrece\u011fini vurgulad\u0131.<br \/><\/p>\n","protected":false},"excerpt":{"rendered":"<p>Ayd\u0131n \u0130l Tar\u0131m ve Orman M\u00fcd\u00fcrl\u00fc\u011f\u00fc taraf\u0131ndan y\u00fcr\u00fct\u00fclen denetimler kapsam\u0131nda Kas\u0131m ay\u0131nda il genelinde denetlenen 2 bin 554 i\u015fletmede, 22 eksiklik ve uygunsuzluk tespit edildi. Ayd\u0131n Valili\u011fi koordinasyonunda Ayd\u0131n \u0130l Tar\u0131m ve Orman M\u00fcd\u00fcrl\u00fc\u011f\u00fc ekipleri taraf\u0131ndan Kas\u0131m ay\u0131nda ekmek \u00fcretiminden marketlere, kahvehanelerden lokanta ve restoranlara kadar geni\u015f bir yelpazede denetim ger\u00e7ekle\u015ftirildi. \u00c7al\u0131\u015fma raporlar\u0131na g\u00f6re denetlenen;&#8230;<\/p>\n","protected":false},"author":1,"featured_media":71238,"comment_status":"open","ping_status":"open","sticky":false,"template":"","format":"standard","meta":{"_crdt_document":"","footnotes":""},"categories":[1],"tags":[],"class_list":["post-71237","post","type-post","status-publish","format-standard","has-post-thumbnail","hentry","category-guncel"],"_links":{"self":[{"href":"https:\/\/www.egemtv.com\/index.php?rest_route=\/wp\/v2\/posts\/71237","targetHints":{"allow":["GET"]}}],"collection":[{"href":"https:\/\/www.egemtv.com\/index.php?rest_route=\/wp\/v2\/posts"}],"about":[{"href":"https:\/\/www.egemtv.com\/index.php?rest_route=\/wp\/v2\/types\/post"}],"author":[{"embeddable":true,"href":"https:\/\/www.egemtv.com\/index.php?rest_route=\/wp\/v2\/users\/1"}],"replies":[{"embeddable":true,"href":"https:\/\/www.egemtv.com\/index.php?rest_route=%2Fwp%2Fv2%2Fcomments&post=71237"}],"version-history":[{"count":1,"href":"https:\/\/www.egemtv.com\/index.php?rest_route=\/wp\/v2\/posts\/71237\/revisions"}],"predecessor-version":[{"id":71239,"href":"https:\/\/www.egemtv.com\/index.php?rest_route=\/wp\/v2\/posts\/71237\/revisions\/71239"}],"wp:featuredmedia":[{"embeddable":true,"href":"https:\/\/www.egemtv.com\/index.php?rest_route=\/wp\/v2\/media\/71238"}],"wp:attachment":[{"href":"https:\/\/www.egemtv.com\/index.php?rest_route=%2Fwp%2Fv2%2Fmedia&parent=71237"}],"wp:term":[{"taxonomy":"category","embeddable":true,"href":"https:\/\/www.egemtv.com\/index.php?rest_route=%2Fwp%2Fv2%2Fcategories&post=71237"},{"taxonomy":"post_tag","embeddable":true,"href":"https:\/\/www.egemtv.com\/index.php?rest_route=%2Fwp%2Fv2%2Ftags&post=71237"}],"curies":[{"name":"wp","href":"https:\/\/api.w.org\/{rel}","templated":true}]}}