{"id":71234,"date":"2025-12-01T12:54:59","date_gmt":"2025-12-01T09:54:59","guid":{"rendered":"https:\/\/www.egemtv.com\/?p=71234"},"modified":"2025-12-01T12:55:00","modified_gmt":"2025-12-01T09:55:00","slug":"tbmm-engelli-bireylerin-sorunlarini-arastirma-komisyonu-izmirde","status":"publish","type":"post","link":"https:\/\/www.egemtv.com\/?p=71234","title":{"rendered":"TBMM Engelli Bireylerin Sorunlar\u0131n\u0131 Ara\u015ft\u0131rma Komisyonu \u0130zmir\u2019de"},"content":{"rendered":"<p>T\u00fcrkiye B\u00fcy\u00fck Millet Meclisi (TBMM) Engelli Bireylerin Sorunlar\u0131n\u0131 Ara\u015ft\u0131rma Komisyonu, engelliler ve ailelerinin ya\u015fad\u0131\u011f\u0131 sorunlar ile \u00e7\u00f6z\u00fcm \u00f6nerilerini de\u011ferlendirmek amac\u0131yla \u0130zmir\u2019de topland\u0131. Program kapsam\u0131nda Bornova\u2019daki bir \u00f6zel e\u011fitim okulunda incelemelerde bulunan Komisyon Ba\u015fkan\u0131 ve AK Parti \u0130zmir Milletvekili Mehmet Muharrem Kasapo\u011flu, \u00e7al\u0131\u015fmalar\u0131 yerinde takip etti.<br \/>\n<br \/>TBMM Engelli Bireylerin Sorunlar\u0131n\u0131 Ara\u015ft\u0131rma Komisyonu, engelli bireyler ile ailelerinin ya\u015fad\u0131\u011f\u0131 sorunlar\u0131 ve \u00e7\u00f6z\u00fcm \u00f6nerilerini ele almak \u00fczere Ege B\u00f6lgesi \u0130sti\u015fare Toplant\u0131s\u0131 i\u00e7in \u0130zmir\u2019de bir araya geldi. Program kapsam\u0131nda komisyon \u00fcyeleri, sabah saatlerinde \u00f6nce Ege \u00dcniversitesi Engelli \u00c7ocuklar Rehabilitasyon ve E\u011fitim Park\u0131 Ara\u015ft\u0131rma ve Uygulama Merkezini ziyaret etti. Ege \u00dcniversitesi Rekt\u00f6r\u00fc Prof. Dr. Necdet Budak, AK Parti \u0130zmir Milletvekili ve TBMM Engelli Bireylerin Sorunlar\u0131n\u0131 Ara\u015ft\u0131rma Komisyonu Ba\u015fkan\u0131 Dr. Mehmet Kasapo\u011flu\u2019nu ve komisyon \u00fcyelerini makam\u0131nda a\u011f\u0131rlad\u0131. Komisyon, Ege \u00dcniversitesinde engelliklere y\u00f6nelik ger\u00e7ekle\u015ftirilen \u00e7al\u0131\u015fmalar hakk\u0131nda bilgi al\u0131rken, engellilerin sorunlar\u0131n\u0131 dinledi.<br \/>\n<br \/>Komisyon \u00fcyeleri daha sonra \u0130zmir\u2019in Bornova il\u00e7esindeki Hasan Tahsin \u00d6zel E\u011fitim Meslek Okulu\u2019nda incelemelerde bulundu. Komisyon Ba\u015fkan\u0131 Mehmet Muharrem Kasapo\u011flu\u2019nun yan\u0131 s\u0131ra komisyon \u00fcyesi milletvekilleri, okulda \u00e7e\u015fitli derslikleri gezerek y\u00fcr\u00fct\u00fclen e\u011fitim faaliyetlerini yerinde de\u011ferlendirdi. Ziyarette engelli bireylerin e\u011fitim s\u00fcre\u00e7lerinin iyile\u015ftirilmesine y\u00f6nelik ihtiya\u00e7 ve talepler de ele al\u0131nd\u0131. TBMM Engelli Bireylerin Sorunlar\u0131n\u0131 Ara\u015ft\u0131rma Komisyonu\u2019nun \u00e7al\u0131\u015fmalar\u0131 hakk\u0131nda gazetecilere a\u00e7\u0131klamalarda bulunan Komisyon Ba\u015fkan\u0131 ve AK Parti \u0130zmir Milletvekili Mehmet Muharrem Kasapo\u011flu, &#8220;Masada de\u011fil sahaday\u0131z. 81 ildeki konular\u0131n, sorunlar\u0131n ve g\u00fczel uygulamalar\u0131n tespitini yap\u0131yor; her alanda foto\u011fraf\u0131n t\u00fcm\u00fcne y\u00f6nelik \u00e7al\u0131\u015f\u0131yoruz. Bu foto\u011fraf\u0131 \u00e7ekmeye y\u00f6nelik olarak \u00f6zellikle e\u011fitimin \u00f6nemli bir alan oldu\u011funu biliyor, e\u011fitimden sa\u011fl\u0131\u011fa, spordan istihdama kadar her alanda bireylerin var olmas\u0131n\u0131 ve t\u00fcm alanlara eri\u015filebilirli\u011fin sa\u011flanmas\u0131n\u0131 ama\u00e7l\u0131yoruz. Bu nedenle t\u00fcm alanlardaki i\u015fbirli\u011fini daha yukar\u0131lara ta\u015f\u0131mak temel gayretimizdir. Bu \u00e7er\u00e7evede herkesi dinlemek, ortak akl\u0131 g\u00fc\u00e7lendirmek i\u00e7in bug\u00fcn Ege B\u00f6lgesi\u2019ndeki 8 ili \u0130zmir\u2019de bir araya getiriyoruz&#8221; dedi.<\/p>\n<p>T\u00fcrkiye genelinde ziyaretler<br \/>\n<br \/>Yerel y\u00f6netimler, sivil toplum kurulu\u015flar\u0131, kamu kurumlar\u0131 ve t\u00fcm payda\u015flar\u0131n ya\u015fanan sorunlar\u0131 ve iyi uygulamalar\u0131 ortaya koydu\u011funu aktaran Kasapo\u011flu, &#8220;Komisyon olarak hem sorunlara y\u00f6nelik \u00e7\u00f6z\u00fcm \u00f6nerilerini yine bu s\u00fcre\u00e7leri ya\u015fayan bireyler, aileler ve payda\u015flarla birlikte t\u00fcm y\u00f6nleriyle de\u011ferlendiriyor hem de bu \u00f6nerileri dinleyip geli\u015ftirmeye \u00e7al\u0131\u015f\u0131yoruz. \u0130\u015fbirliklerinin geli\u015ftirilmesi, bilincin ve duyarl\u0131l\u0131\u011f\u0131n art\u0131r\u0131lmas\u0131 noktas\u0131nda diyaloglar\u0131m\u0131z\u0131 g\u00fc\u00e7lendiriyor ve \u00e7al\u0131\u015fmalar\u0131n sonunda t\u00fcm bunlar\u0131 komisyon raporumuzda en g\u00fc\u00e7l\u00fc \u015fekilde ifade edece\u011fiz. As\u0131l olan bilin\u00e7tir; as\u0131l olan bu bilincin ve duyarl\u0131l\u0131\u011f\u0131n geli\u015ftirilmesidir. Bu konu sadece komisyon \u00fcyelerinin de\u011fil, 86 milyonun ortak duyarl\u0131l\u0131k konusudur. Bu nedenle b\u00f6lge b\u00f6lge, il il dola\u015farak her bir ki\u015finin s\u00fcrece dahil olmas\u0131n\u0131 \u00e7ok \u00f6nemsiyoruz. Bu okulda \u00f6\u011frencilerimizin hayata bir akt\u00f6r olarak kat\u0131l\u0131m\u0131n\u0131 ve ortaya konulan rehabilitasyon gayretlerini g\u00f6r\u00fcyoruz. Az \u00f6nce \u00f6\u011frencilerimizin metal \u00e7al\u0131\u015fmalar\u0131ndan seramik \u00fcretimine, peyzaj ve bitkiden tar\u0131m \u00fcretimine, gastronomiden m\u00fczi\u011fe kadar her alanda g\u00f6sterdikleri \u00e7abaya tan\u0131k olduk. Amac\u0131m\u0131z bu gayretleri \u00e7o\u011faltmakt\u0131r. Bu bilin\u00e7 ve duyarl\u0131l\u0131kla bu \u00e7abalar\u0131n artaca\u011f\u0131na inan\u0131yorum.&#8221; ifadelerini kulland\u0131.<\/p>\n<p>\u0130zmir\u2019e Ya\u015fam Merkezi Projesi<br \/>\n<br \/>Manisa Organize Sanayi B\u00f6lgesi\u2019nin ba\u015flatt\u0131\u011f\u0131 Zeki Ya\u015fam Merkezi Projesi b\u00fcy\u00fck \u00f6nem ta\u015f\u0131d\u0131\u011f\u0131n\u0131 belirten Kasapo\u011flu, &#8220;Bu proje, e\u011fitim s\u00fcreci sonras\u0131 istihdam\u0131 ve engelli bireylerin hayat\u0131n t\u00fcm y\u00f6nlerinde var olmas\u0131n\u0131 desteklemesi a\u00e7\u0131s\u0131ndan \u00e7ok de\u011ferlidir. Bu projenin \u0130zmir\u2019de de hayata ge\u00e7irilmesi i\u00e7in \u0130zmir Ticaret Odas\u0131 ba\u015fta olmak \u00fczere di\u011fer ekonomik akt\u00f6rlerle, sivil toplum \u00f6rg\u00fctleriyle ve payda\u015flarla konuyu masaya yat\u0131raca\u011f\u0131z. Yerel y\u00f6netim, sivil toplum, kamu ve \u00f6zel sekt\u00f6rle birlikte \u0130zmir\u2019deki bu \u00e7\u0131tay\u0131 da y\u00fckseltece\u011fimize inan\u0131yorum&#8221; diye ekledi.<br \/><\/p>\n","protected":false},"excerpt":{"rendered":"<p>T\u00fcrkiye B\u00fcy\u00fck Millet Meclisi (TBMM) Engelli Bireylerin Sorunlar\u0131n\u0131 Ara\u015ft\u0131rma Komisyonu, engelliler ve ailelerinin ya\u015fad\u0131\u011f\u0131 sorunlar ile \u00e7\u00f6z\u00fcm \u00f6nerilerini de\u011ferlendirmek amac\u0131yla \u0130zmir\u2019de topland\u0131. Program kapsam\u0131nda Bornova\u2019daki bir \u00f6zel e\u011fitim okulunda incelemelerde bulunan Komisyon Ba\u015fkan\u0131 ve AK Parti \u0130zmir Milletvekili Mehmet Muharrem Kasapo\u011flu, \u00e7al\u0131\u015fmalar\u0131 yerinde takip etti. TBMM Engelli Bireylerin Sorunlar\u0131n\u0131 Ara\u015ft\u0131rma Komisyonu, engelli bireyler ile ailelerinin&#8230;<\/p>\n","protected":false},"author":1,"featured_media":71235,"comment_status":"open","ping_status":"open","sticky":false,"template":"","format":"standard","meta":{"_crdt_document":"","footnotes":""},"categories":[1],"tags":[],"class_list":["post-71234","post","type-post","status-publish","format-standard","has-post-thumbnail","hentry","category-guncel"],"_links":{"self":[{"href":"https:\/\/www.egemtv.com\/index.php?rest_route=\/wp\/v2\/posts\/71234","targetHints":{"allow":["GET"]}}],"collection":[{"href":"https:\/\/www.egemtv.com\/index.php?rest_route=\/wp\/v2\/posts"}],"about":[{"href":"https:\/\/www.egemtv.com\/index.php?rest_route=\/wp\/v2\/types\/post"}],"author":[{"embeddable":true,"href":"https:\/\/www.egemtv.com\/index.php?rest_route=\/wp\/v2\/users\/1"}],"replies":[{"embeddable":true,"href":"https:\/\/www.egemtv.com\/index.php?rest_route=%2Fwp%2Fv2%2Fcomments&post=71234"}],"version-history":[{"count":1,"href":"https:\/\/www.egemtv.com\/index.php?rest_route=\/wp\/v2\/posts\/71234\/revisions"}],"predecessor-version":[{"id":71236,"href":"https:\/\/www.egemtv.com\/index.php?rest_route=\/wp\/v2\/posts\/71234\/revisions\/71236"}],"wp:featuredmedia":[{"embeddable":true,"href":"https:\/\/www.egemtv.com\/index.php?rest_route=\/wp\/v2\/media\/71235"}],"wp:attachment":[{"href":"https:\/\/www.egemtv.com\/index.php?rest_route=%2Fwp%2Fv2%2Fmedia&parent=71234"}],"wp:term":[{"taxonomy":"category","embeddable":true,"href":"https:\/\/www.egemtv.com\/index.php?rest_route=%2Fwp%2Fv2%2Fcategories&post=71234"},{"taxonomy":"post_tag","embeddable":true,"href":"https:\/\/www.egemtv.com\/index.php?rest_route=%2Fwp%2Fv2%2Ftags&post=71234"}],"curies":[{"name":"wp","href":"https:\/\/api.w.org\/{rel}","templated":true}]}}