{"id":71231,"date":"2025-12-01T12:54:58","date_gmt":"2025-12-01T09:54:58","guid":{"rendered":"https:\/\/www.egemtv.com\/?p=71231"},"modified":"2025-12-01T12:54:59","modified_gmt":"2025-12-01T09:54:59","slug":"muglada-son-3-gunun-yagis-raporu-aciklandi","status":"publish","type":"post","link":"https:\/\/www.egemtv.com\/?p=71231","title":{"rendered":"Mu\u011fla\u2019da son 3 g\u00fcn\u00fcn ya\u011f\u0131\u015f raporu a\u00e7\u0131kland\u0131"},"content":{"rendered":"<p>Mu\u011fla genelinde son \u00fc\u00e7 g\u00fcn i\u00e7inde metrekareye d\u00fc\u015fen ya\u011f\u0131\u015f miktarlar\u0131 a\u00e7\u0131kland\u0131. K\u00f6yce\u011fiz Zeytin Alan\u0131 93,8 mm ya\u011f\u0131\u015f ile listenin zirvesine yerle\u015firken, Mente\u015fe ve Ortaca da y\u00fcksek ya\u011f\u0131\u015f oranlar\u0131yla dikkat \u00e7ekti.<\/p>\n<p>Yap\u0131lan \u00f6l\u00e7\u00fcmlere g\u00f6re, Mu\u011fla\u2019da en fazla ya\u011f\u0131\u015f alan b\u00f6lge K\u00f6yce\u011fiz Zeytin Alan\u0131 oldu. B\u00f6lgede son \u00fc\u00e7 g\u00fcnde metrekareye 93,8 mm ya\u011f\u0131\u015f d\u00fc\u015ferek \u015fehir genelinde birinci s\u0131raya yerle\u015fti.<br \/>\n<br \/>K\u00f6yce\u011fiz zeytin alan\u0131n\u0131, merkez il\u00e7e Mente\u015fe 84,2 mm\/m ya\u011f\u0131\u015fla takip etti.<br \/>\n<br \/>\u0130l\u00e7eler baz\u0131nda &#8220;K\u00f6yce\u011fiz Zeytin Alan\u0131 93,8, Mente\u015fe 84,2,Ortaca 79,2, Dat\u00e7a 72,9, Milas 66,4, Yata\u011fan 55,9, Ula 49,3, Marmaris 47,2, Bodrum 44,5,Dalaman 41,1,Kavakl\u0131dere 40,3, K\u00f6yce\u011fiz Merkez 38,6,Seydikemer 29,3, Fethiye 15,6 ile yer ald\u0131.<\/p>\n<p>Listenin \u00fcst s\u0131ralar\u0131nda Ortaca (79,2 mm) ve tatil beldesi Dat\u00e7a (72,9 mm) yer al\u0131rken, turizmin g\u00f6zde noktalar\u0131ndan Fethiye (15,6 mm) son \u00fc\u00e7 g\u00fcnde en az ya\u011f\u0131\u015f alan il\u00e7e oldu.<br \/><\/p>\n","protected":false},"excerpt":{"rendered":"<p>Mu\u011fla genelinde son \u00fc\u00e7 g\u00fcn i\u00e7inde metrekareye d\u00fc\u015fen ya\u011f\u0131\u015f miktarlar\u0131 a\u00e7\u0131kland\u0131. K\u00f6yce\u011fiz Zeytin Alan\u0131 93,8 mm ya\u011f\u0131\u015f ile listenin zirvesine yerle\u015firken, Mente\u015fe ve Ortaca da y\u00fcksek ya\u011f\u0131\u015f oranlar\u0131yla dikkat \u00e7ekti. Yap\u0131lan \u00f6l\u00e7\u00fcmlere g\u00f6re, Mu\u011fla\u2019da en fazla ya\u011f\u0131\u015f alan b\u00f6lge K\u00f6yce\u011fiz Zeytin Alan\u0131 oldu. B\u00f6lgede son \u00fc\u00e7 g\u00fcnde metrekareye 93,8 mm ya\u011f\u0131\u015f d\u00fc\u015ferek \u015fehir genelinde birinci&#8230;<\/p>\n","protected":false},"author":1,"featured_media":71232,"comment_status":"open","ping_status":"open","sticky":false,"template":"","format":"standard","meta":{"_crdt_document":"","footnotes":""},"categories":[1],"tags":[],"class_list":["post-71231","post","type-post","status-publish","format-standard","has-post-thumbnail","hentry","category-guncel"],"_links":{"self":[{"href":"https:\/\/www.egemtv.com\/index.php?rest_route=\/wp\/v2\/posts\/71231","targetHints":{"allow":["GET"]}}],"collection":[{"href":"https:\/\/www.egemtv.com\/index.php?rest_route=\/wp\/v2\/posts"}],"about":[{"href":"https:\/\/www.egemtv.com\/index.php?rest_route=\/wp\/v2\/types\/post"}],"author":[{"embeddable":true,"href":"https:\/\/www.egemtv.com\/index.php?rest_route=\/wp\/v2\/users\/1"}],"replies":[{"embeddable":true,"href":"https:\/\/www.egemtv.com\/index.php?rest_route=%2Fwp%2Fv2%2Fcomments&post=71231"}],"version-history":[{"count":1,"href":"https:\/\/www.egemtv.com\/index.php?rest_route=\/wp\/v2\/posts\/71231\/revisions"}],"predecessor-version":[{"id":71233,"href":"https:\/\/www.egemtv.com\/index.php?rest_route=\/wp\/v2\/posts\/71231\/revisions\/71233"}],"wp:featuredmedia":[{"embeddable":true,"href":"https:\/\/www.egemtv.com\/index.php?rest_route=\/wp\/v2\/media\/71232"}],"wp:attachment":[{"href":"https:\/\/www.egemtv.com\/index.php?rest_route=%2Fwp%2Fv2%2Fmedia&parent=71231"}],"wp:term":[{"taxonomy":"category","embeddable":true,"href":"https:\/\/www.egemtv.com\/index.php?rest_route=%2Fwp%2Fv2%2Fcategories&post=71231"},{"taxonomy":"post_tag","embeddable":true,"href":"https:\/\/www.egemtv.com\/index.php?rest_route=%2Fwp%2Fv2%2Ftags&post=71231"}],"curies":[{"name":"wp","href":"https:\/\/api.w.org\/{rel}","templated":true}]}}