{"id":71228,"date":"2025-12-01T12:54:58","date_gmt":"2025-12-01T09:54:58","guid":{"rendered":"https:\/\/www.egemtv.com\/?p=71228"},"modified":"2025-12-01T12:54:58","modified_gmt":"2025-12-01T09:54:58","slug":"kuyucakta-portakal-hasadi-yapildi-ureticilere-belgeleri-teslim-edildi","status":"publish","type":"post","link":"https:\/\/www.egemtv.com\/?p=71228","title":{"rendered":"Kuyucak\u2019ta portakal hasad\u0131 yap\u0131ld\u0131, \u00fcreticilere belgeleri teslim edildi"},"content":{"rendered":"<p>Ayd\u0131n\u2019\u0131n Kuyucak il\u00e7esinde portakal hasad\u0131na kat\u0131lan \u0130l Tar\u0131m ve orman M\u00fcd\u00fcrl\u00fc\u011f\u00fc ekipleri \u00fcreticilere &#8220;Entegre ve Kontroll\u00fc \u00dcr\u00fcn Y\u00f6netimi&#8221; (EK\u00dcY) belgeleri takdim edildi.<\/p>\n<p>Ayd\u0131n \u0130l Tar\u0131m ve Orman M\u00fcd\u00fcrl\u00fc\u011f\u00fc ekipleri k\u0131\u015f sezonunun ba\u015flamas\u0131yla birlikte hasad\u0131 yap\u0131lan Co\u011frafi \u0130\u015faretli Kuyucak Portakal\u0131 i\u00e7in Kuyucak\u2019taki portakal bah\u00e7esinde \u00fcreticilerle bir araya geldi. Hasat co\u015fkusuna ortak olan yetkililer, EK\u00dcY Belgesi almaya hak kazanan \u00fcreticilere belgelerini takdim etti.<\/p>\n<p>&#8220;Ayd\u0131n\u2019da 93 bin 243 ton narenciye \u00fcretildi&#8221;<br \/>\n<br \/>Ger\u00e7ekle\u015ftirilen programda ayr\u0131ca Ayd\u0131n\u2019a ait tar\u0131msal veriler ile ilgili bilgi payla\u015f\u0131m\u0131nda bulunuldu. T\u00dc\u0130K 2024 verilerine g\u00f6re Ayd\u0131n\u2019da toplam 42 bin 902 dekar alanda 93 bin 243 ton narenciye \u00fcretildi\u011fi, \u00fcr\u00fcn da\u011f\u0131l\u0131m\u0131n\u0131n ise Portakal 74 bin 005 ton, Mandalina 16 bin 747 ton, Limon 2 bin 353 ton, Greyfurt 138 ton oldu\u011fu a\u00e7\u0131kland\u0131.<\/p>\n<p>&#8220;Akdeniz meyve sine\u011fi m\u00fccadelesi s\u00fcr\u00fcyor&#8221;<br \/>\n<br \/>Akdeniz Meyvesine\u011fi ile etkin m\u00fccadelenin devam etti\u011fi a\u00e7\u0131klan\u0131rken, 5 ekip, 5 il\u00e7ede 14 bah\u00e7e ve 28 tuzakla Ulusal Eylem Plan\u0131\u2019n\u0131n y\u00fcr\u00fct\u00fcld\u00fc\u011f\u00fc ifade edildi. 17 il\u00e7ede 40 istasyon ve 80 monit\u00f6r tuzakla izleme \u00e7al\u0131\u015fmalar\u0131n\u0131n devam etti\u011fi, toplam 17 ekip ve 38 personelin sahada g\u00f6rev yapt\u0131\u011f\u0131, \u00fcreticilere 28 bin 374 adet tuzak da\u011f\u0131t\u0131ld\u0131\u011f\u0131 belirtildi. Ayr\u0131ca \u0130l M\u00fcd\u00fcrl\u00fc\u011f\u00fc taraf\u0131ndan al\u0131nan 13 bin adet siyah torba, k\u00fclt\u00fcrel m\u00fccadelede kullan\u0131lmak \u00fczere 17 il\u00e7eye g\u00f6nderildi\u011fi a\u00e7\u0131kland\u0131.<\/p>\n<p>&#8220;Turun\u00e7gil EK\u00dcY Projesi devam ediyor&#8221;<br \/>\n<br \/>Zirai ila\u00e7 kal\u0131nt\u0131lar\u0131n\u0131 \u00f6nlemek ve \u00fcr\u00fcn g\u00fcvenilirli\u011fini art\u0131rmak amac\u0131yla y\u00fcr\u00fct\u00fclen projenin Ku\u015fadas\u0131, Kuyucak, Nazilli, S\u00f6ke ve Sultanhisar il\u00e7elerinde 8 bin 158 dekar alanda s\u00fcrd\u00fcr\u00fcld\u00fc\u011f\u00fc de ifade edildi.<br \/><\/p>\n","protected":false},"excerpt":{"rendered":"<p>Ayd\u0131n\u2019\u0131n Kuyucak il\u00e7esinde portakal hasad\u0131na kat\u0131lan \u0130l Tar\u0131m ve orman M\u00fcd\u00fcrl\u00fc\u011f\u00fc ekipleri \u00fcreticilere &#8220;Entegre ve Kontroll\u00fc \u00dcr\u00fcn Y\u00f6netimi&#8221; (EK\u00dcY) belgeleri takdim edildi. Ayd\u0131n \u0130l Tar\u0131m ve Orman M\u00fcd\u00fcrl\u00fc\u011f\u00fc ekipleri k\u0131\u015f sezonunun ba\u015flamas\u0131yla birlikte hasad\u0131 yap\u0131lan Co\u011frafi \u0130\u015faretli Kuyucak Portakal\u0131 i\u00e7in Kuyucak\u2019taki portakal bah\u00e7esinde \u00fcreticilerle bir araya geldi. Hasat co\u015fkusuna ortak olan yetkililer, EK\u00dcY Belgesi almaya&#8230;<\/p>\n","protected":false},"author":1,"featured_media":71229,"comment_status":"open","ping_status":"open","sticky":false,"template":"","format":"standard","meta":{"_crdt_document":"","footnotes":""},"categories":[125],"tags":[],"class_list":["post-71228","post","type-post","status-publish","format-standard","has-post-thumbnail","hentry","category-ekonomi"],"_links":{"self":[{"href":"https:\/\/www.egemtv.com\/index.php?rest_route=\/wp\/v2\/posts\/71228","targetHints":{"allow":["GET"]}}],"collection":[{"href":"https:\/\/www.egemtv.com\/index.php?rest_route=\/wp\/v2\/posts"}],"about":[{"href":"https:\/\/www.egemtv.com\/index.php?rest_route=\/wp\/v2\/types\/post"}],"author":[{"embeddable":true,"href":"https:\/\/www.egemtv.com\/index.php?rest_route=\/wp\/v2\/users\/1"}],"replies":[{"embeddable":true,"href":"https:\/\/www.egemtv.com\/index.php?rest_route=%2Fwp%2Fv2%2Fcomments&post=71228"}],"version-history":[{"count":1,"href":"https:\/\/www.egemtv.com\/index.php?rest_route=\/wp\/v2\/posts\/71228\/revisions"}],"predecessor-version":[{"id":71230,"href":"https:\/\/www.egemtv.com\/index.php?rest_route=\/wp\/v2\/posts\/71228\/revisions\/71230"}],"wp:featuredmedia":[{"embeddable":true,"href":"https:\/\/www.egemtv.com\/index.php?rest_route=\/wp\/v2\/media\/71229"}],"wp:attachment":[{"href":"https:\/\/www.egemtv.com\/index.php?rest_route=%2Fwp%2Fv2%2Fmedia&parent=71228"}],"wp:term":[{"taxonomy":"category","embeddable":true,"href":"https:\/\/www.egemtv.com\/index.php?rest_route=%2Fwp%2Fv2%2Fcategories&post=71228"},{"taxonomy":"post_tag","embeddable":true,"href":"https:\/\/www.egemtv.com\/index.php?rest_route=%2Fwp%2Fv2%2Ftags&post=71228"}],"curies":[{"name":"wp","href":"https:\/\/api.w.org\/{rel}","templated":true}]}}