{"id":71222,"date":"2025-12-01T12:15:13","date_gmt":"2025-12-01T09:15:13","guid":{"rendered":"https:\/\/www.egemtv.com\/?p=71222"},"modified":"2025-12-01T12:15:14","modified_gmt":"2025-12-01T09:15:14","slug":"aydinda-bir-haftada-335-aranan-sahis-yakalandi","status":"publish","type":"post","link":"https:\/\/www.egemtv.com\/?p=71222","title":{"rendered":"Ayd\u0131n\u2019da bir haftada 335 aranan \u015fah\u0131s yakaland\u0131"},"content":{"rendered":"<p>Ayd\u0131n Valili\u011fi koordinesinde y\u00fcr\u00fct\u00fclen \u00e7al\u0131\u015fmalar kapsam\u0131nda il genelinde bir haftada \u00e7e\u015fitli su\u00e7lardan aranan 335 ki\u015fi yakaland\u0131.<\/p>\n<p>Ayd\u0131n genelinde \u0130l Jandarma Komutanl\u0131\u011f\u0131 ve \u0130l Emniyet M\u00fcd\u00fcrl\u00fc\u011f\u00fc koordinesinde asayi\u015f, narkotik ve ka\u00e7ak\u00e7\u0131l\u0131k su\u00e7lar\u0131 ile \u00e7e\u015fitli su\u00e7lardan aranan \u015fah\u0131slar\u0131n yakalanmas\u0131na y\u00f6nelik yap\u0131lan \u00e7al\u0131\u015fmalar aral\u0131ks\u0131z devam ediyor. Bu kapsamda 24-30 Kas\u0131m tarihleri aras\u0131nda il genelinde yap\u0131lan \u00e7al\u0131\u015fmalarda toplam 106 bin 676 ki\u015finin sorgulamas\u0131 yap\u0131ld\u0131.<\/p>\n<p>Ayd\u0131n \u0130l Jandarma Komutanl\u0131\u011f\u0131 7 bin 338 kilometrekarelik sorumluluk alan\u0131nda 2 bin 819 personeli ile yapt\u0131\u011f\u0131 bir haftal\u0131k denetimlerde ba\u015far\u0131l\u0131 \u00e7al\u0131\u015fmalara imza att\u0131. Bu \u00e7er\u00e7evede 16 narkotik olay\u0131nda 16 \u015f\u00fcpheliye i\u015flem yap\u0131ld\u0131. Asayi\u015f olaylar\u0131nda meydana gelen 179 olay\u0131n 179\u2019u ayd\u0131nlat\u0131ld\u0131, 117 ki\u015fiye i\u015flem uyguland\u0131. Ka\u00e7ak\u00e7\u0131l\u0131k olaylar\u0131nda 7 \u015f\u00fcpheli hakk\u0131nda i\u015flem ba\u015flat\u0131ld\u0131. Jandarma ekipleri 225 uygulama noktas\u0131nda toplam 68 bin 436 ki\u015fiyi sorgulad\u0131. Sorgulamalarda 209 aranan \u015fah\u0131s tespit edilerek yakaland\u0131.<\/p>\n<p>Ayd\u0131n \u0130l Emniyet M\u00fcd\u00fcrl\u00fc\u011f\u00fc ekiplerince yap\u0131lan bir haftal\u0131k \u00e7al\u0131\u015fmalarda ise 46 narkotik olay\u0131nda 47 \u015f\u00fcpheliye i\u015flem yap\u0131ld\u0131. Bu olaylara ili\u015fkin 4 \u015f\u00fcpheli tutukland\u0131. Asayi\u015fe y\u00f6nelik meydana gelen 679 olay\u0131n 555\u2019i ayd\u0131nlat\u0131ld\u0131. Bu kapsamda 516 \u015f\u00fcpheliye i\u015flem yap\u0131ld\u0131, 15 ki\u015fi de tutuklanarak cezaevine g\u00f6nderildi. Ka\u00e7ak\u00e7\u0131l\u0131k su\u00e7lar\u0131yla ilgili 16 ki\u015fiye i\u015flem yap\u0131ld\u0131. Emniyet birimleri, toplamda 18 uygulama noktas\u0131nda 38 bin 240 ki\u015fiyi sorgularken, sorgulamalar sonucunda 126 aranan \u015fahs\u0131 yakalad\u0131.<\/p>\n<p>Ayd\u0131n Valili\u011fi\u2019nden yap\u0131lan a\u00e7\u0131klamada &#8220;Jandarmam\u0131z ve emniyet g\u00fc\u00e7lerimizle su\u00e7 ve su\u00e7 \u00f6rg\u00fctlerine kar\u015f\u0131 amans\u0131z m\u00fccadelemiz kararl\u0131l\u0131kla devam edecek. Ayd\u0131n\u2019da su\u00e7a yer yok, su\u00e7luya ge\u00e7it yok&#8221; ifadeleri yer ald\u0131.<br \/><\/p>\n","protected":false},"excerpt":{"rendered":"<p>Ayd\u0131n Valili\u011fi koordinesinde y\u00fcr\u00fct\u00fclen \u00e7al\u0131\u015fmalar kapsam\u0131nda il genelinde bir haftada \u00e7e\u015fitli su\u00e7lardan aranan 335 ki\u015fi yakaland\u0131. Ayd\u0131n genelinde \u0130l Jandarma Komutanl\u0131\u011f\u0131 ve \u0130l Emniyet M\u00fcd\u00fcrl\u00fc\u011f\u00fc koordinesinde asayi\u015f, narkotik ve ka\u00e7ak\u00e7\u0131l\u0131k su\u00e7lar\u0131 ile \u00e7e\u015fitli su\u00e7lardan aranan \u015fah\u0131slar\u0131n yakalanmas\u0131na y\u00f6nelik yap\u0131lan \u00e7al\u0131\u015fmalar aral\u0131ks\u0131z devam ediyor. Bu kapsamda 24-30 Kas\u0131m tarihleri aras\u0131nda il genelinde yap\u0131lan \u00e7al\u0131\u015fmalarda toplam 106&#8230;<\/p>\n","protected":false},"author":1,"featured_media":71223,"comment_status":"open","ping_status":"open","sticky":false,"template":"","format":"standard","meta":{"_crdt_document":"","footnotes":""},"categories":[5],"tags":[],"class_list":["post-71222","post","type-post","status-publish","format-standard","has-post-thumbnail","hentry","category-asayis"],"_links":{"self":[{"href":"https:\/\/www.egemtv.com\/index.php?rest_route=\/wp\/v2\/posts\/71222","targetHints":{"allow":["GET"]}}],"collection":[{"href":"https:\/\/www.egemtv.com\/index.php?rest_route=\/wp\/v2\/posts"}],"about":[{"href":"https:\/\/www.egemtv.com\/index.php?rest_route=\/wp\/v2\/types\/post"}],"author":[{"embeddable":true,"href":"https:\/\/www.egemtv.com\/index.php?rest_route=\/wp\/v2\/users\/1"}],"replies":[{"embeddable":true,"href":"https:\/\/www.egemtv.com\/index.php?rest_route=%2Fwp%2Fv2%2Fcomments&post=71222"}],"version-history":[{"count":1,"href":"https:\/\/www.egemtv.com\/index.php?rest_route=\/wp\/v2\/posts\/71222\/revisions"}],"predecessor-version":[{"id":71224,"href":"https:\/\/www.egemtv.com\/index.php?rest_route=\/wp\/v2\/posts\/71222\/revisions\/71224"}],"wp:featuredmedia":[{"embeddable":true,"href":"https:\/\/www.egemtv.com\/index.php?rest_route=\/wp\/v2\/media\/71223"}],"wp:attachment":[{"href":"https:\/\/www.egemtv.com\/index.php?rest_route=%2Fwp%2Fv2%2Fmedia&parent=71222"}],"wp:term":[{"taxonomy":"category","embeddable":true,"href":"https:\/\/www.egemtv.com\/index.php?rest_route=%2Fwp%2Fv2%2Fcategories&post=71222"},{"taxonomy":"post_tag","embeddable":true,"href":"https:\/\/www.egemtv.com\/index.php?rest_route=%2Fwp%2Fv2%2Ftags&post=71222"}],"curies":[{"name":"wp","href":"https:\/\/api.w.org\/{rel}","templated":true}]}}