{"id":71219,"date":"2025-12-01T12:15:12","date_gmt":"2025-12-01T09:15:12","guid":{"rendered":"https:\/\/www.egemtv.com\/?p=71219"},"modified":"2025-12-01T12:15:13","modified_gmt":"2025-12-01T09:15:13","slug":"muglada-100-sporcu-zorlu-parkurda-ter-doktu","status":"publish","type":"post","link":"https:\/\/www.egemtv.com\/?p=71219","title":{"rendered":"Mu\u011fla\u2019da 100 sporcu zorlu parkurda ter d\u00f6kt\u00fc"},"content":{"rendered":"<p>Mu\u011fla B\u00fcy\u00fck\u015fehir Belediyesi taraf\u0131ndan bu y\u0131l K\u0131ran Mahallesi\u2019nde d\u00fczenlenen K\u0131ran Bisiklet T\u0131rman\u0131\u015f Yar\u0131\u015f\u0131, 100\u2019e yak\u0131n sporcunun kat\u0131l\u0131m\u0131yla nefes kesen bir m\u00fccadeleye sahne oldu. 12 farkl\u0131 kategoride yar\u0131\u015fan bisiklet\u00e7iler, dik rampalar ve teknik virajlardan olu\u015fan 13 kilometrelik zorlu parkurda performanslar\u0131n\u0131 sergiledi.<\/p>\n<p>T\u00f6rene; Mente\u015fe Belediye Ba\u015fkan Yard\u0131mc\u0131s\u0131 Sami Tomurcuklu, Mu\u011fla B\u00fcy\u00fck\u015fehir Belediyesi Gen\u00e7lik ve Spor Hizmetleri Daire Ba\u015fkan\u0131 Mustafa \u00d6zpoyraz, T\u00fcrkiye Bisiklet\u00e7iler Mu\u011fla \u0130l Temsilcisi \u0130lker C\u00f6mert kat\u0131ld\u0131. Protokol \u00fcyeleri dereceye giren sporculara \u00f6d\u00fcllerini takdim etti. Ayr\u0131ca kad\u0131nlar ve erkekler genel klasman\u0131nda derece yapan sporculara toplam 30 bin TL para \u00f6d\u00fcl\u00fc verildi.<\/p>\n<p>Mu\u011fla B\u00fcy\u00fck\u015fehir Belediyesi Gen\u00e7lik ve Spor Hizmetleri Daire Ba\u015fkan\u0131 Mustafa \u00d6zpoyraz, organizasyonun ard\u0131ndan yapt\u0131\u011f\u0131 a\u00e7\u0131klamada \u015funlar\u0131 s\u00f6yledi: &#8220;Bug\u00fcn K\u0131ran Mahallesi\u2019nde \u00e7ok g\u00fczel bir atmosferde \u00f6nemli bir organizasyonu daha ba\u015far\u0131yla tamamlad\u0131k. Mu\u011fla B\u00fcy\u00fck\u015fehir Belediyesi olarak sporun her bran\u015f\u0131na de\u011fer veriyor, \u00f6zellikle gen\u00e7lerimizin ve amat\u00f6r sporcular\u0131m\u0131z\u0131n geli\u015fimine katk\u0131 sa\u011flayacak etkinliklere b\u00fcy\u00fck \u00f6nem g\u00f6steriyoruz. K\u0131ran Bisiklet T\u0131rman\u0131\u015f Yar\u0131\u015f\u0131 hem sporcular\u0131m\u0131z\u0131n performans\u0131n\u0131 sergiledi\u011fi hem de b\u00f6lgemizin do\u011fal g\u00fczelliklerini \u00f6n plana \u00e7\u0131karan \u00f6zel bir etkinlik oldu. 13 kilometrelik zorlu parkura ra\u011fmen sporcular\u0131m\u0131z\u0131n g\u00f6sterdi\u011fi azim ve m\u00fccadele ger\u00e7ekten takdire \u015fayan. Bu organizasyonun ger\u00e7ekle\u015fmesinde eme\u011fi ge\u00e7en t\u00fcm ekibimize, sa\u011fl\u0131k ve g\u00fcvenlik ekiplerine, hakemlerimize, g\u00f6n\u00fcll\u00fclerimize ve yar\u0131\u015fa kat\u0131lan sporcular\u0131m\u0131za te\u015fekk\u00fcr ediyorum. Ayr\u0131ca K\u0131ran halk\u0131n\u0131n misafirperverli\u011fi bu etkinli\u011fi \u00e7ok daha anlaml\u0131 k\u0131ld\u0131. Mu\u011fla olarak spor turizmini geli\u015ftirmeyi, daha fazla ulusal ve uluslararas\u0131 organizasyona ev sahipli\u011fi yapmay\u0131 hedefliyoruz. Bu t\u00fcr etkinlikleri art\u0131rarak hem sporcular\u0131m\u0131za yeni alanlar a\u00e7may\u0131 hem de \u015fehrimizin tan\u0131t\u0131m\u0131na katk\u0131 sa\u011flamay\u0131 s\u00fcrd\u00fcrece\u011fiz. T\u00fcm sporcular\u0131m\u0131z\u0131 tebrik ediyorum&#8221; dedi.<br \/><\/p>\n","protected":false},"excerpt":{"rendered":"<p>Mu\u011fla B\u00fcy\u00fck\u015fehir Belediyesi taraf\u0131ndan bu y\u0131l K\u0131ran Mahallesi\u2019nde d\u00fczenlenen K\u0131ran Bisiklet T\u0131rman\u0131\u015f Yar\u0131\u015f\u0131, 100\u2019e yak\u0131n sporcunun kat\u0131l\u0131m\u0131yla nefes kesen bir m\u00fccadeleye sahne oldu. 12 farkl\u0131 kategoride yar\u0131\u015fan bisiklet\u00e7iler, dik rampalar ve teknik virajlardan olu\u015fan 13 kilometrelik zorlu parkurda performanslar\u0131n\u0131 sergiledi. T\u00f6rene; Mente\u015fe Belediye Ba\u015fkan Yard\u0131mc\u0131s\u0131 Sami Tomurcuklu, Mu\u011fla B\u00fcy\u00fck\u015fehir Belediyesi Gen\u00e7lik ve Spor Hizmetleri Daire&#8230;<\/p>\n","protected":false},"author":1,"featured_media":71220,"comment_status":"open","ping_status":"open","sticky":false,"template":"","format":"standard","meta":{"_crdt_document":"","footnotes":""},"categories":[4],"tags":[],"class_list":["post-71219","post","type-post","status-publish","format-standard","has-post-thumbnail","hentry","category-spor"],"_links":{"self":[{"href":"https:\/\/www.egemtv.com\/index.php?rest_route=\/wp\/v2\/posts\/71219","targetHints":{"allow":["GET"]}}],"collection":[{"href":"https:\/\/www.egemtv.com\/index.php?rest_route=\/wp\/v2\/posts"}],"about":[{"href":"https:\/\/www.egemtv.com\/index.php?rest_route=\/wp\/v2\/types\/post"}],"author":[{"embeddable":true,"href":"https:\/\/www.egemtv.com\/index.php?rest_route=\/wp\/v2\/users\/1"}],"replies":[{"embeddable":true,"href":"https:\/\/www.egemtv.com\/index.php?rest_route=%2Fwp%2Fv2%2Fcomments&post=71219"}],"version-history":[{"count":1,"href":"https:\/\/www.egemtv.com\/index.php?rest_route=\/wp\/v2\/posts\/71219\/revisions"}],"predecessor-version":[{"id":71221,"href":"https:\/\/www.egemtv.com\/index.php?rest_route=\/wp\/v2\/posts\/71219\/revisions\/71221"}],"wp:featuredmedia":[{"embeddable":true,"href":"https:\/\/www.egemtv.com\/index.php?rest_route=\/wp\/v2\/media\/71220"}],"wp:attachment":[{"href":"https:\/\/www.egemtv.com\/index.php?rest_route=%2Fwp%2Fv2%2Fmedia&parent=71219"}],"wp:term":[{"taxonomy":"category","embeddable":true,"href":"https:\/\/www.egemtv.com\/index.php?rest_route=%2Fwp%2Fv2%2Fcategories&post=71219"},{"taxonomy":"post_tag","embeddable":true,"href":"https:\/\/www.egemtv.com\/index.php?rest_route=%2Fwp%2Fv2%2Ftags&post=71219"}],"curies":[{"name":"wp","href":"https:\/\/api.w.org\/{rel}","templated":true}]}}