{"id":71216,"date":"2025-12-01T01:54:59","date_gmt":"2025-11-30T22:54:59","guid":{"rendered":"https:\/\/www.egemtv.com\/?p=71216"},"modified":"2025-12-01T01:55:00","modified_gmt":"2025-11-30T22:55:00","slug":"didim-belediyespordan-deplasmanda-net-zafer","status":"publish","type":"post","link":"https:\/\/www.egemtv.com\/?p=71216","title":{"rendered":"Didim Belediyespor\u2019dan deplasmanda net zafer"},"content":{"rendered":"<p>TVF Kad\u0131nlar 2. Ligi 7. Grup 14. hafta m\u00fccadelesinde Didim Belediyespor Kad\u0131n Voleybol Tak\u0131m\u0131, deplasmanda \u00dclk\u00fc Spor\u2019u 3-0 ma\u011flup ederek \u00f6nemli bir galibiyet ald\u0131.<\/p>\n<p>M\u00fcsabaka boyunca oyunun kontrol\u00fcn\u00fc elinde tutan Didim Belediyespor Kad\u0131n Voleybol Tak\u0131m\u0131, hem savunmada hem de h\u00fccumda \u00fcst\u00fcn bir performans sergiledi. Tak\u0131m\u0131n m\u00fccadele g\u00fcc\u00fc, uyumu ve sahadaki birlik ruhu, galibiyetin en \u00f6nemli etkenleri olarak \u00f6ne \u00e7\u0131kt\u0131. Ma\u00e7\u0131n ard\u0131ndan a\u00e7\u0131klamalarda bulunan Didim Belediye Ba\u015fkan\u0131 Hatice Gen\u00e7ay, &#8220;Tak\u0131m\u0131m\u0131z sahadaki kararl\u0131l\u0131\u011f\u0131 ve uyumuyla bizlere b\u00fcy\u00fck gurur ya\u015fatt\u0131. Sporcular\u0131m\u0131z\u0131 ve teknik ekibimizi galibiyetten dolay\u0131 y\u00fcrekten kutluyorum&#8221; ifadelerini kulland\u0131.<br \/><\/p>\n","protected":false},"excerpt":{"rendered":"<p>TVF Kad\u0131nlar 2. Ligi 7. Grup 14. hafta m\u00fccadelesinde Didim Belediyespor Kad\u0131n Voleybol Tak\u0131m\u0131, deplasmanda \u00dclk\u00fc Spor\u2019u 3-0 ma\u011flup ederek \u00f6nemli bir galibiyet ald\u0131. M\u00fcsabaka boyunca oyunun kontrol\u00fcn\u00fc elinde tutan Didim Belediyespor Kad\u0131n Voleybol Tak\u0131m\u0131, hem savunmada hem de h\u00fccumda \u00fcst\u00fcn bir performans sergiledi. Tak\u0131m\u0131n m\u00fccadele g\u00fcc\u00fc, uyumu ve sahadaki birlik ruhu, galibiyetin en \u00f6nemli&#8230;<\/p>\n","protected":false},"author":1,"featured_media":71217,"comment_status":"open","ping_status":"open","sticky":false,"template":"","format":"standard","meta":{"_crdt_document":"","footnotes":""},"categories":[4],"tags":[],"class_list":["post-71216","post","type-post","status-publish","format-standard","has-post-thumbnail","hentry","category-spor"],"_links":{"self":[{"href":"https:\/\/www.egemtv.com\/index.php?rest_route=\/wp\/v2\/posts\/71216","targetHints":{"allow":["GET"]}}],"collection":[{"href":"https:\/\/www.egemtv.com\/index.php?rest_route=\/wp\/v2\/posts"}],"about":[{"href":"https:\/\/www.egemtv.com\/index.php?rest_route=\/wp\/v2\/types\/post"}],"author":[{"embeddable":true,"href":"https:\/\/www.egemtv.com\/index.php?rest_route=\/wp\/v2\/users\/1"}],"replies":[{"embeddable":true,"href":"https:\/\/www.egemtv.com\/index.php?rest_route=%2Fwp%2Fv2%2Fcomments&post=71216"}],"version-history":[{"count":1,"href":"https:\/\/www.egemtv.com\/index.php?rest_route=\/wp\/v2\/posts\/71216\/revisions"}],"predecessor-version":[{"id":71218,"href":"https:\/\/www.egemtv.com\/index.php?rest_route=\/wp\/v2\/posts\/71216\/revisions\/71218"}],"wp:featuredmedia":[{"embeddable":true,"href":"https:\/\/www.egemtv.com\/index.php?rest_route=\/wp\/v2\/media\/71217"}],"wp:attachment":[{"href":"https:\/\/www.egemtv.com\/index.php?rest_route=%2Fwp%2Fv2%2Fmedia&parent=71216"}],"wp:term":[{"taxonomy":"category","embeddable":true,"href":"https:\/\/www.egemtv.com\/index.php?rest_route=%2Fwp%2Fv2%2Fcategories&post=71216"},{"taxonomy":"post_tag","embeddable":true,"href":"https:\/\/www.egemtv.com\/index.php?rest_route=%2Fwp%2Fv2%2Ftags&post=71216"}],"curies":[{"name":"wp","href":"https:\/\/api.w.org\/{rel}","templated":true}]}}