{"id":71213,"date":"2025-11-30T23:54:37","date_gmt":"2025-11-30T20:54:37","guid":{"rendered":"https:\/\/www.egemtv.com\/?p=71213"},"modified":"2025-11-30T23:54:38","modified_gmt":"2025-11-30T20:54:38","slug":"incirliova-belediyespordan-rakibe-gol-yagmuru","status":"publish","type":"post","link":"https:\/\/www.egemtv.com\/?p=71213","title":{"rendered":"\u0130ncirliova Belediyespor\u2019dan rakibe gol ya\u011fmuru"},"content":{"rendered":"<p>0 ma\u011flup eden Laleler, zirve yar\u0131\u015f\u0131ndaki iddias\u0131n\u0131 s\u00fcrd\u00fcrd\u00fc.<\/p>\n<p>Ahmet Ya\u015far Kocab\u0131y\u0131k Stad\u0131\u2019n\u0131 dolduran \u0130ncirlioval\u0131lar, m\u00fccadele boyunca tak\u0131mlar\u0131na b\u00fcy\u00fck destek verdi. Kar\u015f\u0131la\u015fmaya etkili ba\u015flayan \u0130ncirliova Belediyespor, arad\u0131\u011f\u0131 gol\u00fc O\u011fuzhan Sekban\u2019\u0131n aya\u011f\u0131ndan buldu. \u0130lk yar\u0131da oyunun kontrol\u00fcn\u00fc elinde tutan ev sahibi ekip, soyunma odas\u0131na 1-0\u2019l\u0131k \u00fcst\u00fcnl\u00fckle girdi. \u0130kinci yar\u0131da oyun \u00fcst\u00fcnl\u00fc\u011f\u00fcn\u00fc tamamen rakibine kabul ettiren Laleler, adeta gol \u015fov yapt\u0131. Emre Demirta\u015f\u2019\u0131n gol\u00fcyle fark ikiye \u00e7\u0131kt\u0131. Arda Uyan, yakla\u015f\u0131k 30 metreden sol k\u00f6\u015feye g\u00f6nderdi\u011fi \u015f\u0131k \u015futla trib\u00fcnleri aya\u011fa kald\u0131rd\u0131. \u0130kinci yar\u0131da oyuna dahil olan Halil \u0130brahim Y\u0131lmaz skoru 4-0\u2019a ta\u015f\u0131d\u0131. Gen\u00e7 santrafor \u0130brahim Ata\u015f\u2019\u0131n gol\u00fcyle fark be\u015fe \u00e7\u0131karken, m\u00fccadelenin skorunu G\u00fcrhan \u00d6zdemir orta sahaya yak\u0131n bir noktadan att\u0131\u011f\u0131 sert \u015futla belirledi. Uzak mesafeden att\u0131klar\u0131 gollerle Arda Uyan ve G\u00fcrhan \u00d6zdemir ma\u00e7\u0131n \u00f6ne \u00e7\u0131kan isimleri oldu. Bu galibiyetle ligde \u00fcst \u00fcste ikinci zaferini elde eden \u0130ncirliova Belediyespor, puan\u0131n\u0131 11\u2019e y\u00fckselterek zirve takibini s\u00fcrd\u00fcrd\u00fc.<\/p>\n<p>Kar\u015f\u0131la\u015fman\u0131n ard\u0131ndan a\u00e7\u0131klamalarda bulunan \u0130ncirliova Belediyespor Ba\u015fkan Yard\u0131mc\u0131s\u0131 Sad\u0131k Kaya, &#8220;Ger\u00e7ekten \u00e7ok zevkli bir ma\u00e7 oldu. Seyircimiz trib\u00fcnleri h\u0131nca h\u0131n\u00e7 doldurdu ve tak\u0131ma b\u00fcy\u00fck enerji verdi. \u015eimdi \u00f6n\u00fcm\u00fczde \u00c7ine Madranspor derbisi var. Bomba gibi geliyoruz. O derbiyi kazanaca\u011f\u0131z. T\u00fcm Ayd\u0131n\u2019\u0131 trib\u00fcnlere bekliyoruz&#8221; dedi.<br \/><\/p>\n","protected":false},"excerpt":{"rendered":"<p>0 ma\u011flup eden Laleler, zirve yar\u0131\u015f\u0131ndaki iddias\u0131n\u0131 s\u00fcrd\u00fcrd\u00fc. Ahmet Ya\u015far Kocab\u0131y\u0131k Stad\u0131\u2019n\u0131 dolduran \u0130ncirlioval\u0131lar, m\u00fccadele boyunca tak\u0131mlar\u0131na b\u00fcy\u00fck destek verdi. Kar\u015f\u0131la\u015fmaya etkili ba\u015flayan \u0130ncirliova Belediyespor, arad\u0131\u011f\u0131 gol\u00fc O\u011fuzhan Sekban\u2019\u0131n aya\u011f\u0131ndan buldu. \u0130lk yar\u0131da oyunun kontrol\u00fcn\u00fc elinde tutan ev sahibi ekip, soyunma odas\u0131na 1-0\u2019l\u0131k \u00fcst\u00fcnl\u00fckle girdi. \u0130kinci yar\u0131da oyun \u00fcst\u00fcnl\u00fc\u011f\u00fcn\u00fc tamamen rakibine kabul ettiren Laleler, adeta&#8230;<\/p>\n","protected":false},"author":1,"featured_media":71214,"comment_status":"open","ping_status":"open","sticky":false,"template":"","format":"standard","meta":{"_crdt_document":"","footnotes":""},"categories":[4],"tags":[],"class_list":["post-71213","post","type-post","status-publish","format-standard","has-post-thumbnail","hentry","category-spor"],"_links":{"self":[{"href":"https:\/\/www.egemtv.com\/index.php?rest_route=\/wp\/v2\/posts\/71213","targetHints":{"allow":["GET"]}}],"collection":[{"href":"https:\/\/www.egemtv.com\/index.php?rest_route=\/wp\/v2\/posts"}],"about":[{"href":"https:\/\/www.egemtv.com\/index.php?rest_route=\/wp\/v2\/types\/post"}],"author":[{"embeddable":true,"href":"https:\/\/www.egemtv.com\/index.php?rest_route=\/wp\/v2\/users\/1"}],"replies":[{"embeddable":true,"href":"https:\/\/www.egemtv.com\/index.php?rest_route=%2Fwp%2Fv2%2Fcomments&post=71213"}],"version-history":[{"count":1,"href":"https:\/\/www.egemtv.com\/index.php?rest_route=\/wp\/v2\/posts\/71213\/revisions"}],"predecessor-version":[{"id":71215,"href":"https:\/\/www.egemtv.com\/index.php?rest_route=\/wp\/v2\/posts\/71213\/revisions\/71215"}],"wp:featuredmedia":[{"embeddable":true,"href":"https:\/\/www.egemtv.com\/index.php?rest_route=\/wp\/v2\/media\/71214"}],"wp:attachment":[{"href":"https:\/\/www.egemtv.com\/index.php?rest_route=%2Fwp%2Fv2%2Fmedia&parent=71213"}],"wp:term":[{"taxonomy":"category","embeddable":true,"href":"https:\/\/www.egemtv.com\/index.php?rest_route=%2Fwp%2Fv2%2Fcategories&post=71213"},{"taxonomy":"post_tag","embeddable":true,"href":"https:\/\/www.egemtv.com\/index.php?rest_route=%2Fwp%2Fv2%2Ftags&post=71213"}],"curies":[{"name":"wp","href":"https:\/\/api.w.org\/{rel}","templated":true}]}}