{"id":71210,"date":"2025-11-30T21:34:35","date_gmt":"2025-11-30T18:34:35","guid":{"rendered":"https:\/\/www.egemtv.com\/?p=71210"},"modified":"2025-11-30T21:34:36","modified_gmt":"2025-11-30T18:34:36","slug":"aydinli-milli-sporcu-siliv-dunya-ikincisi-oldu","status":"publish","type":"post","link":"https:\/\/www.egemtv.com\/?p=71210","title":{"rendered":"Ayd\u0131nl\u0131 milli sporcu S\u0131l\u0131v d\u00fcnya ikincisi oldu"},"content":{"rendered":"<p>Ayd\u0131nl\u0131 milli sporcu Faysal S\u0131l\u0131v, Abu Dhabi\u2019de d\u00fczenlenen WAKO B\u00fcy\u00fckler Kick Boks D\u00fcnya \u015eampiyonas\u0131\u2019nda final m\u00fcsabakas\u0131na \u00e7\u0131karak d\u00fcnya ikincisi oldu.<\/p>\n<p>WAKO B\u00fcy\u00fckler Kick Boks D\u00fcnya \u015eampiyonas\u0131 kapsam\u0131nda Abu Dhabi\u2019te ger\u00e7ekle\u015ftirilen organizasyonda ringe \u00e7\u0131kan Faysal S\u0131l\u0131v, \u015fampiyona boyunca ortaya koydu\u011fu \u00fcst\u00fcn performansla dikkat \u00e7ekti. G\u00fc\u00e7l\u00fc rakiplerini geride b\u0131rakarak finale y\u00fckselen milli sporcu, final kar\u015f\u0131la\u015fmas\u0131nda sergiledi\u011fi m\u00fccadeleyle b\u00fcy\u00fck takdir toplad\u0131 ve d\u00fcnya ikincili\u011fini elde etti. S\u0131l\u0131v\u2019\u0131n ba\u015far\u0131s\u0131, Ayd\u0131n\u2019daki spor camias\u0131nda da sevin\u00e7le kar\u015f\u0131land\u0131. Ayd\u0131n Gen\u00e7lik ve Spor \u0130l M\u00fcd\u00fcr\u00fc Serhat Y\u0131\u011fmatepe Faysal S\u0131l\u0131v\u2019\u0131n elde etti\u011fi derecenin Ayd\u0131n ve T\u00fcrkiye ad\u0131na gurur verici oldu\u011funu belirtilerek milli sporcuyu tebrik etti. Y\u0131\u011fmatepe ayr\u0131ca, bu ba\u015far\u0131da eme\u011fi bulunan antren\u00f6rlere ve destek veren herkese te\u015fekk\u00fcr etti.<br \/><\/p>\n","protected":false},"excerpt":{"rendered":"<p>Ayd\u0131nl\u0131 milli sporcu Faysal S\u0131l\u0131v, Abu Dhabi\u2019de d\u00fczenlenen WAKO B\u00fcy\u00fckler Kick Boks D\u00fcnya \u015eampiyonas\u0131\u2019nda final m\u00fcsabakas\u0131na \u00e7\u0131karak d\u00fcnya ikincisi oldu. WAKO B\u00fcy\u00fckler Kick Boks D\u00fcnya \u015eampiyonas\u0131 kapsam\u0131nda Abu Dhabi\u2019te ger\u00e7ekle\u015ftirilen organizasyonda ringe \u00e7\u0131kan Faysal S\u0131l\u0131v, \u015fampiyona boyunca ortaya koydu\u011fu \u00fcst\u00fcn performansla dikkat \u00e7ekti. G\u00fc\u00e7l\u00fc rakiplerini geride b\u0131rakarak finale y\u00fckselen milli sporcu, final kar\u015f\u0131la\u015fmas\u0131nda sergiledi\u011fi m\u00fccadeleyle&#8230;<\/p>\n","protected":false},"author":1,"featured_media":71211,"comment_status":"open","ping_status":"open","sticky":false,"template":"","format":"standard","meta":{"_crdt_document":"","footnotes":""},"categories":[4],"tags":[],"class_list":["post-71210","post","type-post","status-publish","format-standard","has-post-thumbnail","hentry","category-spor"],"_links":{"self":[{"href":"https:\/\/www.egemtv.com\/index.php?rest_route=\/wp\/v2\/posts\/71210","targetHints":{"allow":["GET"]}}],"collection":[{"href":"https:\/\/www.egemtv.com\/index.php?rest_route=\/wp\/v2\/posts"}],"about":[{"href":"https:\/\/www.egemtv.com\/index.php?rest_route=\/wp\/v2\/types\/post"}],"author":[{"embeddable":true,"href":"https:\/\/www.egemtv.com\/index.php?rest_route=\/wp\/v2\/users\/1"}],"replies":[{"embeddable":true,"href":"https:\/\/www.egemtv.com\/index.php?rest_route=%2Fwp%2Fv2%2Fcomments&post=71210"}],"version-history":[{"count":1,"href":"https:\/\/www.egemtv.com\/index.php?rest_route=\/wp\/v2\/posts\/71210\/revisions"}],"predecessor-version":[{"id":71212,"href":"https:\/\/www.egemtv.com\/index.php?rest_route=\/wp\/v2\/posts\/71210\/revisions\/71212"}],"wp:featuredmedia":[{"embeddable":true,"href":"https:\/\/www.egemtv.com\/index.php?rest_route=\/wp\/v2\/media\/71211"}],"wp:attachment":[{"href":"https:\/\/www.egemtv.com\/index.php?rest_route=%2Fwp%2Fv2%2Fmedia&parent=71210"}],"wp:term":[{"taxonomy":"category","embeddable":true,"href":"https:\/\/www.egemtv.com\/index.php?rest_route=%2Fwp%2Fv2%2Fcategories&post=71210"},{"taxonomy":"post_tag","embeddable":true,"href":"https:\/\/www.egemtv.com\/index.php?rest_route=%2Fwp%2Fv2%2Ftags&post=71210"}],"curies":[{"name":"wp","href":"https:\/\/api.w.org\/{rel}","templated":true}]}}