{"id":71207,"date":"2025-11-30T21:34:32","date_gmt":"2025-11-30T18:34:32","guid":{"rendered":"https:\/\/www.egemtv.com\/?p=71207"},"modified":"2025-11-30T21:34:34","modified_gmt":"2025-11-30T18:34:34","slug":"aydinli-milli-sporcu-uslu-gumus-madalyanin-sahibi-oldu","status":"publish","type":"post","link":"https:\/\/www.egemtv.com\/?p=71207","title":{"rendered":"Ayd\u0131nl\u0131 milli sporcu Uslu g\u00fcm\u00fc\u015f madalyan\u0131n sahibi oldu"},"content":{"rendered":"<p>Ayd\u0131nl\u0131 milli sporcu Berkay Uslu, M\u0131s\u0131r\u2019da d\u00fczenlenen Para Karate D\u00fcnya \u015eampiyonas\u0131\u2019nda g\u00fcm\u00fc\u015f madalya kazanarak hem T\u00fcrkiye\u2019yi hem de memleketi Ayd\u0131n\u2019\u0131 gururland\u0131rd\u0131.<\/p>\n<p>Para Karate D\u00fcnya \u015eampiyonas\u0131 kapsam\u0131nda M\u0131s\u0131r\u2019da ger\u00e7ekle\u015ftirilen organizasyonda m\u00fccadele eden Berkay Uslu, turnuva boyunca sergiledi\u011fi y\u00fcksek konsantrasyon, m\u00fccadeleci ruh ve etkili tekniklerle dikkat \u00e7ekti. Zorlu rakiplerini geride b\u0131rakarak finale y\u00fckselen milli sporcu, final m\u00fcsabakas\u0131ndaki performans\u0131yla da b\u00fcy\u00fck be\u011feni toplad\u0131 ve d\u00fcnya ikincisi olarak g\u00fcm\u00fc\u015f madalyan\u0131n sahibi oldu. Milli sporcunun uluslararas\u0131 arenada elde etti\u011fi derece, Ayd\u0131n\u2019daki spor camias\u0131nda da sevin\u00e7le kar\u015f\u0131land\u0131. Elde edilen ba\u015far\u0131 sonras\u0131 Ayd\u0131n Gen\u00e7lik ve Spor \u0130l M\u00fcd\u00fcr\u00fc Serhat Y\u0131\u011fmatepe Ayd\u0131nl\u0131 milli sporcunun ba\u015far\u0131s\u0131ndan duyulan gurur dile getirilerek Berkay Uslu\u2019yu tebrik etti. Y\u0131\u011fmatepe ayr\u0131ca ba\u015far\u0131da eme\u011fi bulunan antren\u00f6rlere ve destek veren herkese te\u015fekk\u00fcr etti.<br \/><\/p>\n","protected":false},"excerpt":{"rendered":"<p>Ayd\u0131nl\u0131 milli sporcu Berkay Uslu, M\u0131s\u0131r\u2019da d\u00fczenlenen Para Karate D\u00fcnya \u015eampiyonas\u0131\u2019nda g\u00fcm\u00fc\u015f madalya kazanarak hem T\u00fcrkiye\u2019yi hem de memleketi Ayd\u0131n\u2019\u0131 gururland\u0131rd\u0131. Para Karate D\u00fcnya \u015eampiyonas\u0131 kapsam\u0131nda M\u0131s\u0131r\u2019da ger\u00e7ekle\u015ftirilen organizasyonda m\u00fccadele eden Berkay Uslu, turnuva boyunca sergiledi\u011fi y\u00fcksek konsantrasyon, m\u00fccadeleci ruh ve etkili tekniklerle dikkat \u00e7ekti. Zorlu rakiplerini geride b\u0131rakarak finale y\u00fckselen milli sporcu, final m\u00fcsabakas\u0131ndaki&#8230;<\/p>\n","protected":false},"author":1,"featured_media":71208,"comment_status":"open","ping_status":"open","sticky":false,"template":"","format":"standard","meta":{"_crdt_document":"","footnotes":""},"categories":[4],"tags":[],"class_list":["post-71207","post","type-post","status-publish","format-standard","has-post-thumbnail","hentry","category-spor"],"_links":{"self":[{"href":"https:\/\/www.egemtv.com\/index.php?rest_route=\/wp\/v2\/posts\/71207","targetHints":{"allow":["GET"]}}],"collection":[{"href":"https:\/\/www.egemtv.com\/index.php?rest_route=\/wp\/v2\/posts"}],"about":[{"href":"https:\/\/www.egemtv.com\/index.php?rest_route=\/wp\/v2\/types\/post"}],"author":[{"embeddable":true,"href":"https:\/\/www.egemtv.com\/index.php?rest_route=\/wp\/v2\/users\/1"}],"replies":[{"embeddable":true,"href":"https:\/\/www.egemtv.com\/index.php?rest_route=%2Fwp%2Fv2%2Fcomments&post=71207"}],"version-history":[{"count":1,"href":"https:\/\/www.egemtv.com\/index.php?rest_route=\/wp\/v2\/posts\/71207\/revisions"}],"predecessor-version":[{"id":71209,"href":"https:\/\/www.egemtv.com\/index.php?rest_route=\/wp\/v2\/posts\/71207\/revisions\/71209"}],"wp:featuredmedia":[{"embeddable":true,"href":"https:\/\/www.egemtv.com\/index.php?rest_route=\/wp\/v2\/media\/71208"}],"wp:attachment":[{"href":"https:\/\/www.egemtv.com\/index.php?rest_route=%2Fwp%2Fv2%2Fmedia&parent=71207"}],"wp:term":[{"taxonomy":"category","embeddable":true,"href":"https:\/\/www.egemtv.com\/index.php?rest_route=%2Fwp%2Fv2%2Fcategories&post=71207"},{"taxonomy":"post_tag","embeddable":true,"href":"https:\/\/www.egemtv.com\/index.php?rest_route=%2Fwp%2Fv2%2Ftags&post=71207"}],"curies":[{"name":"wp","href":"https:\/\/api.w.org\/{rel}","templated":true}]}}