{"id":71189,"date":"2025-11-30T19:14:30","date_gmt":"2025-11-30T16:14:30","guid":{"rendered":"https:\/\/www.egemtv.com\/?p=71189"},"modified":"2025-11-30T19:14:30","modified_gmt":"2025-11-30T16:14:30","slug":"aydinli-insatcilar-mesleklerini-can-kurtarmaya-adadi","status":"publish","type":"post","link":"https:\/\/www.egemtv.com\/?p=71189","title":{"rendered":"Ayd\u0131nl\u0131 in\u015fat\u00e7\u0131lar mesleklerini can kurtarmaya adad\u0131"},"content":{"rendered":"<p>Ayd\u0131n \u0130l Afet ve Acil Durum M\u00fcd\u00fcrl\u00fc\u011f\u00fc \u00e7at\u0131s\u0131 alt\u0131nda g\u00f6rev yapan Ayd\u0131nl\u0131 g\u00f6n\u00fcll\u00fc arama kurtarma ekibi, afetlere kar\u015f\u0131 haz\u0131rl\u0131klar\u0131n\u0131 aral\u0131ks\u0131z s\u00fcrd\u00fcr\u00fcyor. \u00d6zellikle in\u015faat sekt\u00f6r\u00fcnde \u00e7al\u0131\u015fan profesyonellerden olu\u015fan ekip, zorlu hava ve arazi \u015fartlar\u0131na ald\u0131r\u0131\u015f etmeden, ya\u011fmur ve \u00e7amur demeden e\u011fitimlerine devam ediyor.<\/p>\n<p>B\u00f6lgenin aktif deprem ku\u015fa\u011f\u0131nda yer almas\u0131 nedeniyle enkaz alt\u0131nda y\u00fcr\u00fct\u00fclen arama kurtarma \u00e7al\u0131\u015fmalar\u0131n\u0131n hayati \u00f6nem ta\u015f\u0131d\u0131\u011f\u0131na dikkat \u00e7ekilirken, in\u015faat alan\u0131nda deneyimli g\u00f6n\u00fcll\u00fclerin olu\u015fturdu\u011fu ekip sahada \u00f6nemli avantaj sa\u011fl\u0131yor. Yap\u0131 sistemlerine, kolon ve kiri\u015f gibi ta\u015f\u0131y\u0131c\u0131 elemanlara hakim olan g\u00f6n\u00fcll\u00fcler, enkazda g\u00fcvenli hareket etme ve do\u011fru m\u00fcdahale konular\u0131nda \u00f6ne \u00e7\u0131k\u0131yor.<\/p>\n<p>Zorlu \u015fartlar ger\u00e7ek afetleri aratm\u0131yor<br \/>\n<br \/>Haftal\u0131k e\u011fitim program\u0131 kapsam\u0131nda g\u00f6n\u00fcll\u00fcler bu hafta yo\u011fun ya\u011f\u0131\u015f alt\u0131nda enkaz sim\u00fclasyonu, sedye ile yaral\u0131 ta\u015f\u0131ma teknikleri ve temel ilk yard\u0131m uygulamalar\u0131n\u0131 tatbik etti. \u00c7amurlu zemin ve olumsuz hava \u015fartlar\u0131, e\u011fitimin zorluk seviyesini y\u00fckseltirken, ekiplerin afet an\u0131ndaki fiziksel dayan\u0131kl\u0131l\u0131\u011f\u0131 ile koordinasyon kabiliyetini de art\u0131rd\u0131.<\/p>\n<p>?AFAD \u0130l M\u00fcd\u00fcr\u00fc Yal\u00e7\u0131n Mumcu g\u00f6n\u00fcll\u00fcl\u00fck ruhu ve disiplinli e\u011fitimin \u00f6nemine vurgu yaparak, bu g\u00f6n\u00fcll\u00fclerin mesleki bilgi birikimlerini tamamen g\u00f6n\u00fcll\u00fc olarak afetlere m\u00fcdahale kapasitesine katt\u0131\u011f\u0131n\u0131, bu durumun hem ekip motivasyonunu y\u00fckseltti\u011fini hem de Ayd\u0131n\u2019\u0131n afetlere haz\u0131rl\u0131k seviyesini g\u00fc\u00e7lendirdi\u011fini ifade etti.<\/p>\n<p>E\u011fitimlere kat\u0131lan Ayd\u0131nl\u0131 g\u00f6n\u00fcll\u00fc in\u015faat\u00e7\u0131lar ise hava \u015fartlar\u0131n\u0131 mazeret olarak g\u00f6rmediklerini, e\u011fitim ne kadar zorlu olursa ger\u00e7ek afetlerde o kadar haz\u0131rl\u0131kl\u0131 olacaklar\u0131n\u0131 belirterek, ihtiya\u00e7 duyulan her an can kurtarmaya haz\u0131r olduklar\u0131n\u0131 dile getirdi.<\/p>\n<p>\u00d6te yandan AFAD\u2019\u0131n g\u00f6n\u00fcll\u00fcl\u00fck sistemi kapsam\u0131nda, afet y\u00f6netiminin her a\u015famas\u0131nda g\u00f6rev almak isteyen vatanda\u015flar\u0131n e-Devlet \u00fczerinden ba\u015fvuru yapabilece\u011fi hat\u0131rlat\u0131ld\u0131.<br \/><\/p>\n","protected":false},"excerpt":{"rendered":"<p>Ayd\u0131n \u0130l Afet ve Acil Durum M\u00fcd\u00fcrl\u00fc\u011f\u00fc \u00e7at\u0131s\u0131 alt\u0131nda g\u00f6rev yapan Ayd\u0131nl\u0131 g\u00f6n\u00fcll\u00fc arama kurtarma ekibi, afetlere kar\u015f\u0131 haz\u0131rl\u0131klar\u0131n\u0131 aral\u0131ks\u0131z s\u00fcrd\u00fcr\u00fcyor. \u00d6zellikle in\u015faat sekt\u00f6r\u00fcnde \u00e7al\u0131\u015fan profesyonellerden olu\u015fan ekip, zorlu hava ve arazi \u015fartlar\u0131na ald\u0131r\u0131\u015f etmeden, ya\u011fmur ve \u00e7amur demeden e\u011fitimlerine devam ediyor. B\u00f6lgenin aktif deprem ku\u015fa\u011f\u0131nda yer almas\u0131 nedeniyle enkaz alt\u0131nda y\u00fcr\u00fct\u00fclen arama kurtarma \u00e7al\u0131\u015fmalar\u0131n\u0131n&#8230;<\/p>\n","protected":false},"author":1,"featured_media":71190,"comment_status":"open","ping_status":"open","sticky":false,"template":"","format":"standard","meta":{"_crdt_document":"","footnotes":""},"categories":[1],"tags":[],"class_list":["post-71189","post","type-post","status-publish","format-standard","has-post-thumbnail","hentry","category-guncel"],"_links":{"self":[{"href":"https:\/\/www.egemtv.com\/index.php?rest_route=\/wp\/v2\/posts\/71189","targetHints":{"allow":["GET"]}}],"collection":[{"href":"https:\/\/www.egemtv.com\/index.php?rest_route=\/wp\/v2\/posts"}],"about":[{"href":"https:\/\/www.egemtv.com\/index.php?rest_route=\/wp\/v2\/types\/post"}],"author":[{"embeddable":true,"href":"https:\/\/www.egemtv.com\/index.php?rest_route=\/wp\/v2\/users\/1"}],"replies":[{"embeddable":true,"href":"https:\/\/www.egemtv.com\/index.php?rest_route=%2Fwp%2Fv2%2Fcomments&post=71189"}],"version-history":[{"count":1,"href":"https:\/\/www.egemtv.com\/index.php?rest_route=\/wp\/v2\/posts\/71189\/revisions"}],"predecessor-version":[{"id":71191,"href":"https:\/\/www.egemtv.com\/index.php?rest_route=\/wp\/v2\/posts\/71189\/revisions\/71191"}],"wp:featuredmedia":[{"embeddable":true,"href":"https:\/\/www.egemtv.com\/index.php?rest_route=\/wp\/v2\/media\/71190"}],"wp:attachment":[{"href":"https:\/\/www.egemtv.com\/index.php?rest_route=%2Fwp%2Fv2%2Fmedia&parent=71189"}],"wp:term":[{"taxonomy":"category","embeddable":true,"href":"https:\/\/www.egemtv.com\/index.php?rest_route=%2Fwp%2Fv2%2Fcategories&post=71189"},{"taxonomy":"post_tag","embeddable":true,"href":"https:\/\/www.egemtv.com\/index.php?rest_route=%2Fwp%2Fv2%2Ftags&post=71189"}],"curies":[{"name":"wp","href":"https:\/\/api.w.org\/{rel}","templated":true}]}}