{"id":71186,"date":"2025-11-30T18:54:47","date_gmt":"2025-11-30T15:54:47","guid":{"rendered":"https:\/\/www.egemtv.com\/?p=71186"},"modified":"2025-11-30T18:54:48","modified_gmt":"2025-11-30T15:54:48","slug":"tavsanli-ada-stadinda-bir-puana-razi-oldular","status":"publish","type":"post","link":"https:\/\/www.egemtv.com\/?p=71186","title":{"rendered":"Tav\u015fanl\u0131 Ada Stad\u0131\u2019nda bir puana raz\u0131 oldular"},"content":{"rendered":"<p>K\u00fctahya\u2019n\u0131n Tav\u015fanl\u0131 il\u00e7esi Ada Stad\u0131, bug\u00fcn futbolseverlere unutulmaz anlar ya\u015fatan, bol goll\u00fc ve heyecan dolu bir kar\u015f\u0131la\u015fmaya ev sahipli\u011fi yapt\u0131. TK\u0130 Tav\u015fanl\u0131 Linyitspor, konuk etti\u011fi Kahraman Kazan Spor tak\u0131m\u0131yla 90 dakika sonunda sahadan 2-2\u2019lik e\u015fitlikle ayr\u0131ld\u0131.<br \/>\n<br \/>Her iki tak\u0131m\u0131n da galibiyet i\u00e7in k\u0131yas\u0131ya m\u00fccadele etti\u011fi ma\u00e7ta, gol d\u00fcellosu ya\u015fand\u0131. Taraflar, birbirlerine \u00fcst\u00fcnl\u00fck kurmakta zorlan\u0131rken, ma\u00e7\u0131n ilk yar\u0131s\u0131 ve ikinci yar\u0131s\u0131 kar\u015f\u0131l\u0131kl\u0131 gollerle ge\u00e7ti.<br \/>\n<br \/>Ev sahibi TK\u0130 Tav\u015fanl\u0131 Linyitspor, kendi sahas\u0131ndaki seyirci deste\u011fini arkas\u0131na alarak oyuna h\u0131zl\u0131 ba\u015flasa da, Kahraman Kazan Spor\u2019un organize ataklar\u0131 skora denge getirdi. Ma\u00e7\u0131n bu temposu, her iki tak\u0131m\u0131n da hanesine birer puan yazd\u0131rmas\u0131yla sonu\u00e7land\u0131.<br \/><\/p>\n","protected":false},"excerpt":{"rendered":"<p>K\u00fctahya\u2019n\u0131n Tav\u015fanl\u0131 il\u00e7esi Ada Stad\u0131, bug\u00fcn futbolseverlere unutulmaz anlar ya\u015fatan, bol goll\u00fc ve heyecan dolu bir kar\u015f\u0131la\u015fmaya ev sahipli\u011fi yapt\u0131. TK\u0130 Tav\u015fanl\u0131 Linyitspor, konuk etti\u011fi Kahraman Kazan Spor tak\u0131m\u0131yla 90 dakika sonunda sahadan 2-2\u2019lik e\u015fitlikle ayr\u0131ld\u0131. Her iki tak\u0131m\u0131n da galibiyet i\u00e7in k\u0131yas\u0131ya m\u00fccadele etti\u011fi ma\u00e7ta, gol d\u00fcellosu ya\u015fand\u0131. Taraflar, birbirlerine \u00fcst\u00fcnl\u00fck kurmakta zorlan\u0131rken, ma\u00e7\u0131n&#8230;<\/p>\n","protected":false},"author":1,"featured_media":71187,"comment_status":"open","ping_status":"open","sticky":false,"template":"","format":"standard","meta":{"_crdt_document":"","footnotes":""},"categories":[4],"tags":[],"class_list":["post-71186","post","type-post","status-publish","format-standard","has-post-thumbnail","hentry","category-spor"],"_links":{"self":[{"href":"https:\/\/www.egemtv.com\/index.php?rest_route=\/wp\/v2\/posts\/71186","targetHints":{"allow":["GET"]}}],"collection":[{"href":"https:\/\/www.egemtv.com\/index.php?rest_route=\/wp\/v2\/posts"}],"about":[{"href":"https:\/\/www.egemtv.com\/index.php?rest_route=\/wp\/v2\/types\/post"}],"author":[{"embeddable":true,"href":"https:\/\/www.egemtv.com\/index.php?rest_route=\/wp\/v2\/users\/1"}],"replies":[{"embeddable":true,"href":"https:\/\/www.egemtv.com\/index.php?rest_route=%2Fwp%2Fv2%2Fcomments&post=71186"}],"version-history":[{"count":1,"href":"https:\/\/www.egemtv.com\/index.php?rest_route=\/wp\/v2\/posts\/71186\/revisions"}],"predecessor-version":[{"id":71188,"href":"https:\/\/www.egemtv.com\/index.php?rest_route=\/wp\/v2\/posts\/71186\/revisions\/71188"}],"wp:featuredmedia":[{"embeddable":true,"href":"https:\/\/www.egemtv.com\/index.php?rest_route=\/wp\/v2\/media\/71187"}],"wp:attachment":[{"href":"https:\/\/www.egemtv.com\/index.php?rest_route=%2Fwp%2Fv2%2Fmedia&parent=71186"}],"wp:term":[{"taxonomy":"category","embeddable":true,"href":"https:\/\/www.egemtv.com\/index.php?rest_route=%2Fwp%2Fv2%2Fcategories&post=71186"},{"taxonomy":"post_tag","embeddable":true,"href":"https:\/\/www.egemtv.com\/index.php?rest_route=%2Fwp%2Fv2%2Ftags&post=71186"}],"curies":[{"name":"wp","href":"https:\/\/api.w.org\/{rel}","templated":true}]}}