{"id":71183,"date":"2025-11-30T18:54:46","date_gmt":"2025-11-30T15:54:46","guid":{"rendered":"https:\/\/www.egemtv.com\/?p=71183"},"modified":"2025-11-30T18:54:47","modified_gmt":"2025-11-30T15:54:47","slug":"fethiyede-enduro-ve-atv-sampiyonasi-nefes-kesti","status":"publish","type":"post","link":"https:\/\/www.egemtv.com\/?p=71183","title":{"rendered":"Fethiye\u2019de Enduro ve ATV \u015eampiyonas\u0131 nefes kesti"},"content":{"rendered":"<p>Mu\u011fla\u2019n\u0131n Fethiye il\u00e7esinde, \u00fc\u00e7 g\u00fcn boyunca 105 sporcunun \u00e7amurla, ya\u011fmurla ve zorlu parkurlarla m\u00fccadele etti\u011fi nefes kesen Enduro ve ATV \u015eampiyonas\u0131\u2019na ev sahipli\u011fi yapt\u0131. Yar\u0131\u015flarda 2025 y\u0131l\u0131n\u0131n \u015fampiyonlar\u0131 belirlendi.<br \/>\n<br \/>Fethiye\u2019nin Esenk\u00f6y Mahallesi\u2019ndeki Off Road Park, hafta sonu adrenalinin merkezi oldu. D\u00fczenlenen Enduro ve ATV \u015eampiyonas\u0131\u2019nda farkl\u0131 illerden gelen 105 sporcu, zorlu etaplarda k\u0131yas\u0131ya m\u00fccadele ederek izleyicilere heyecan dolu anlar ya\u015fatt\u0131. \u00dc\u00e7 g\u00fcn s\u00fcren organizasyonda sporcular \u00e7amur, kayal\u0131k b\u00f6lgeler ve dik yoku\u015flar\u0131n yan\u0131 s\u0131ra sa\u011fanak ya\u011fmurla da m\u00fccadele etmek zorunda kald\u0131. EnduroGP, E1, E2, E3, E1B, E2B, E3B, EC, Veteran, Kad\u0131nlar, Gen\u00e7ler, ATV1 ve ATV2 kategorilerinde ger\u00e7ekle\u015ftirilen yar\u0131\u015flarda dereceye giren isimler, 2025 y\u0131l\u0131n\u0131n \u015fampiyonlar\u0131 olarak belirlendi.<\/p>\n<p>Fethiye Orman Spor Kul\u00fcb\u00fc\u2019n\u00fcn ev sahipli\u011finde d\u00fczenlenen yar\u0131\u015flarda kupay\u0131 kald\u0131ran sporcular \u015f\u00f6yle: &#8220;EnduroGP ve E3A Bayram Uysal (Toz Toprak Motosiklet SK), E1A \u00dcmit Kaya (Fethiye Orman SK), E1B Kenan Kazan (\u0130znik Motosiklet Kul\u00fcb\u00fc), E2A Rafet Karaku\u015f (Enduro \u0130stanbul SK), E2B Furkan Zandolu (Toz Toprak Motosiklet SK), E3B Erkan Y\u00fcksek (Toz Toprak Motosiklet SK), EC Resul Kurtulu\u015f (Kartepe Motosiklet SK), Gen\u00e7ler: Mehmet Emin Musao\u011flu (\u0130znik Motosiklet Kul\u00fcb\u00fc), Kad\u0131nlar \u0130rem Ert\u00fcz\u00fcn (Sar\u0131yer Motosiklet Kul\u00fcb\u00fc), Veteran Ali Bayda\u015f (Enduro Motosiklet Bilecik SK), ATV1 Hasan Can \u00d6zerba\u015faranlar (Smyrna Motosiklet SK) ve ATV2 Hakan Do\u011fan (Kartepe Motosiklet SK).&#8221;<br \/><\/p>\n","protected":false},"excerpt":{"rendered":"<p>Mu\u011fla\u2019n\u0131n Fethiye il\u00e7esinde, \u00fc\u00e7 g\u00fcn boyunca 105 sporcunun \u00e7amurla, ya\u011fmurla ve zorlu parkurlarla m\u00fccadele etti\u011fi nefes kesen Enduro ve ATV \u015eampiyonas\u0131\u2019na ev sahipli\u011fi yapt\u0131. Yar\u0131\u015flarda 2025 y\u0131l\u0131n\u0131n \u015fampiyonlar\u0131 belirlendi. Fethiye\u2019nin Esenk\u00f6y Mahallesi\u2019ndeki Off Road Park, hafta sonu adrenalinin merkezi oldu. D\u00fczenlenen Enduro ve ATV \u015eampiyonas\u0131\u2019nda farkl\u0131 illerden gelen 105 sporcu, zorlu etaplarda k\u0131yas\u0131ya m\u00fccadele ederek&#8230;<\/p>\n","protected":false},"author":1,"featured_media":71184,"comment_status":"open","ping_status":"open","sticky":false,"template":"","format":"standard","meta":{"_crdt_document":"","footnotes":""},"categories":[4],"tags":[],"class_list":["post-71183","post","type-post","status-publish","format-standard","has-post-thumbnail","hentry","category-spor"],"_links":{"self":[{"href":"https:\/\/www.egemtv.com\/index.php?rest_route=\/wp\/v2\/posts\/71183","targetHints":{"allow":["GET"]}}],"collection":[{"href":"https:\/\/www.egemtv.com\/index.php?rest_route=\/wp\/v2\/posts"}],"about":[{"href":"https:\/\/www.egemtv.com\/index.php?rest_route=\/wp\/v2\/types\/post"}],"author":[{"embeddable":true,"href":"https:\/\/www.egemtv.com\/index.php?rest_route=\/wp\/v2\/users\/1"}],"replies":[{"embeddable":true,"href":"https:\/\/www.egemtv.com\/index.php?rest_route=%2Fwp%2Fv2%2Fcomments&post=71183"}],"version-history":[{"count":1,"href":"https:\/\/www.egemtv.com\/index.php?rest_route=\/wp\/v2\/posts\/71183\/revisions"}],"predecessor-version":[{"id":71185,"href":"https:\/\/www.egemtv.com\/index.php?rest_route=\/wp\/v2\/posts\/71183\/revisions\/71185"}],"wp:featuredmedia":[{"embeddable":true,"href":"https:\/\/www.egemtv.com\/index.php?rest_route=\/wp\/v2\/media\/71184"}],"wp:attachment":[{"href":"https:\/\/www.egemtv.com\/index.php?rest_route=%2Fwp%2Fv2%2Fmedia&parent=71183"}],"wp:term":[{"taxonomy":"category","embeddable":true,"href":"https:\/\/www.egemtv.com\/index.php?rest_route=%2Fwp%2Fv2%2Fcategories&post=71183"},{"taxonomy":"post_tag","embeddable":true,"href":"https:\/\/www.egemtv.com\/index.php?rest_route=%2Fwp%2Fv2%2Ftags&post=71183"}],"curies":[{"name":"wp","href":"https:\/\/api.w.org\/{rel}","templated":true}]}}