{"id":71180,"date":"2025-11-30T18:34:54","date_gmt":"2025-11-30T15:34:54","guid":{"rendered":"https:\/\/www.egemtv.com\/?p=71180"},"modified":"2025-11-30T18:34:54","modified_gmt":"2025-11-30T15:34:54","slug":"hayirsever-esnaftan-datca-devlet-hastanesine-katki","status":"publish","type":"post","link":"https:\/\/www.egemtv.com\/?p=71180","title":{"rendered":"Hay\u0131rsever esnaftan Dat\u00e7a Devlet Hastanesi\u2019ne katk\u0131"},"content":{"rendered":"<p>Mu\u011fla\u2019n\u0131n Dat\u00e7a il\u00e7esinde hay\u0131rsever bir esnaf taraf\u0131ndan Dat\u00e7a Devlet Hastanesi\u2019ne, hasta, hasta yak\u0131n\u0131 ve sa\u011fl\u0131k personelinin kullan\u0131m\u0131na sunulmak \u00fczere \u00e7e\u015fitli birimlerde kullan\u0131lacak \u00e7ok say\u0131da kanepe ba\u011f\u0131\u015f\u0131 yap\u0131ld\u0131.<\/p>\n<p>Dat\u00e7a Devlet Hastanesi, hay\u0131rsever bir esnaf\u0131n deste\u011fiyle donan\u0131m\u0131n\u0131 g\u00fc\u00e7lendirdi. Dat\u00e7al\u0131 hay\u0131rsever esnaf simit ustas\u0131 Necdet Akarken taraf\u0131ndan hastaneye yap\u0131lan ba\u011f\u0131\u015f kapsam\u0131nda, acil servis, laboratuvar, r\u00f6ntgen \u00fcnitesi, servisler, ameliyathane personel odalar\u0131 ile emzirme odalar\u0131nda kullan\u0131lmak \u00fczere \u00e7ok say\u0131da kanepe teslim edildi. Hastane Ba\u015fhekimi Olcay Korkmaz,hay\u0131rsever esnaf Akarken\u2019i ziyaret ederek te\u015fekk\u00fcr ederek plaket takdim etti. Korkmaz kamu hastanelerine verilen bu t\u00fcr desteklerin b\u00fcy\u00fck \u00f6nem ta\u015f\u0131d\u0131\u011f\u0131n\u0131 ifade etti.<br \/><\/p>\n","protected":false},"excerpt":{"rendered":"<p>Mu\u011fla\u2019n\u0131n Dat\u00e7a il\u00e7esinde hay\u0131rsever bir esnaf taraf\u0131ndan Dat\u00e7a Devlet Hastanesi\u2019ne, hasta, hasta yak\u0131n\u0131 ve sa\u011fl\u0131k personelinin kullan\u0131m\u0131na sunulmak \u00fczere \u00e7e\u015fitli birimlerde kullan\u0131lacak \u00e7ok say\u0131da kanepe ba\u011f\u0131\u015f\u0131 yap\u0131ld\u0131. Dat\u00e7a Devlet Hastanesi, hay\u0131rsever bir esnaf\u0131n deste\u011fiyle donan\u0131m\u0131n\u0131 g\u00fc\u00e7lendirdi. Dat\u00e7al\u0131 hay\u0131rsever esnaf simit ustas\u0131 Necdet Akarken taraf\u0131ndan hastaneye yap\u0131lan ba\u011f\u0131\u015f kapsam\u0131nda, acil servis, laboratuvar, r\u00f6ntgen \u00fcnitesi, servisler, ameliyathane&#8230;<\/p>\n","protected":false},"author":1,"featured_media":71181,"comment_status":"open","ping_status":"open","sticky":false,"template":"","format":"standard","meta":{"_crdt_document":"","footnotes":""},"categories":[1],"tags":[],"class_list":["post-71180","post","type-post","status-publish","format-standard","has-post-thumbnail","hentry","category-guncel"],"_links":{"self":[{"href":"https:\/\/www.egemtv.com\/index.php?rest_route=\/wp\/v2\/posts\/71180","targetHints":{"allow":["GET"]}}],"collection":[{"href":"https:\/\/www.egemtv.com\/index.php?rest_route=\/wp\/v2\/posts"}],"about":[{"href":"https:\/\/www.egemtv.com\/index.php?rest_route=\/wp\/v2\/types\/post"}],"author":[{"embeddable":true,"href":"https:\/\/www.egemtv.com\/index.php?rest_route=\/wp\/v2\/users\/1"}],"replies":[{"embeddable":true,"href":"https:\/\/www.egemtv.com\/index.php?rest_route=%2Fwp%2Fv2%2Fcomments&post=71180"}],"version-history":[{"count":1,"href":"https:\/\/www.egemtv.com\/index.php?rest_route=\/wp\/v2\/posts\/71180\/revisions"}],"predecessor-version":[{"id":71182,"href":"https:\/\/www.egemtv.com\/index.php?rest_route=\/wp\/v2\/posts\/71180\/revisions\/71182"}],"wp:featuredmedia":[{"embeddable":true,"href":"https:\/\/www.egemtv.com\/index.php?rest_route=\/wp\/v2\/media\/71181"}],"wp:attachment":[{"href":"https:\/\/www.egemtv.com\/index.php?rest_route=%2Fwp%2Fv2%2Fmedia&parent=71180"}],"wp:term":[{"taxonomy":"category","embeddable":true,"href":"https:\/\/www.egemtv.com\/index.php?rest_route=%2Fwp%2Fv2%2Fcategories&post=71180"},{"taxonomy":"post_tag","embeddable":true,"href":"https:\/\/www.egemtv.com\/index.php?rest_route=%2Fwp%2Fv2%2Ftags&post=71180"}],"curies":[{"name":"wp","href":"https:\/\/api.w.org\/{rel}","templated":true}]}}