{"id":71174,"date":"2025-11-30T18:34:52","date_gmt":"2025-11-30T15:34:52","guid":{"rendered":"https:\/\/www.egemtv.com\/?p=71174"},"modified":"2025-11-30T18:34:53","modified_gmt":"2025-11-30T15:34:53","slug":"aydinspor-deplasmanda-3-puani-aldi","status":"publish","type":"post","link":"https:\/\/www.egemtv.com\/?p=71174","title":{"rendered":"Ayd\u0131nspor deplasmanda 3 puan\u0131 ald\u0131"},"content":{"rendered":"<p>B\u00f6lgesel Amat\u00f6r Lig 8. Grup\u2019ta m\u00fccadele eden Ayd\u0131nspor, deplasmanda kar\u015f\u0131la\u015ft\u0131\u011f\u0131 Ku\u015fadas\u0131 1923\u2019\u00fc 3-2 ma\u011flup ederek ligde \u00f6nemli bir galibiyete imza att\u0131.<\/p>\n<p>Kar\u015f\u0131la\u015fmaya h\u0131zl\u0131 ba\u015flayan ev sahibi ekip Ku\u015fadas\u0131 1923, hen\u00fcz 2\u2019nci dakikada Semih P\u0131nar\u2019\u0131n gol\u00fcyle 1-0 \u00f6ne ge\u00e7ti. Erken gole ra\u011fmen oyundan kopmayan Ayd\u0131nspor, ilerleyen dakikalarda dengeyi kurarak rakip kalede etkili olmaya ba\u015flad\u0131. Arad\u0131\u011f\u0131 gol\u00fc 33\u2019\u00fcnc\u00fc dakikada bulan siyah beyazl\u0131 ekip, kazan\u0131lan penalt\u0131da topun ba\u015f\u0131na ge\u00e7en \u0130brahim Halil \u00d6ner\u2019in gol\u00fcyle skoru 1-1\u2019e ta\u015f\u0131d\u0131. \u0130lk yar\u0131 bu sonu\u00e7la tamamland\u0131.<\/p>\n<p>\u0130kinci yar\u0131ya daha istekli ba\u015flayan Ayd\u0131nspor, oyunun kontrol\u00fcn\u00fc ele ald\u0131. 70\u2019inci dakikada \u00d6mer Kanbero\u011flu\u2019nun gol\u00fcyle 2-1 \u00f6ne ge\u00e7en konuk ekip, 78\u2019inci dakikada Abdullah \u00c7elik\u2019in kaydetti\u011fi golle fark\u0131 ikiye \u00e7\u0131kard\u0131: 3-1. Ma\u00e7\u0131n son b\u00f6l\u00fcm\u00fcnde risk alan Ku\u015fadas\u0131 1923, 88\u2019inci dakikada buldu\u011fu golle skoru 3-2 yapsa da, kalan dakikalarda ba\u015fka gol olmad\u0131. M\u00fccadeleyi 3-2 kazanan Ayd\u0131nspor, sahadan kritik bir 3 puanla ayr\u0131ld\u0131.<\/p>\n<p>Bu sonu\u00e7la Ayd\u0131nspor puan\u0131n\u0131 6\u2019ya y\u00fckseltirken, Ku\u015fadas\u0131 1923 9 puanda kald\u0131. Siyah beyazl\u0131 ekipte ma\u00e7 sonras\u0131 b\u00fcy\u00fck sevin\u00e7 ya\u015fand\u0131.<br \/><\/p>\n","protected":false},"excerpt":{"rendered":"<p>B\u00f6lgesel Amat\u00f6r Lig 8. Grup\u2019ta m\u00fccadele eden Ayd\u0131nspor, deplasmanda kar\u015f\u0131la\u015ft\u0131\u011f\u0131 Ku\u015fadas\u0131 1923\u2019\u00fc 3-2 ma\u011flup ederek ligde \u00f6nemli bir galibiyete imza att\u0131. Kar\u015f\u0131la\u015fmaya h\u0131zl\u0131 ba\u015flayan ev sahibi ekip Ku\u015fadas\u0131 1923, hen\u00fcz 2\u2019nci dakikada Semih P\u0131nar\u2019\u0131n gol\u00fcyle 1-0 \u00f6ne ge\u00e7ti. Erken gole ra\u011fmen oyundan kopmayan Ayd\u0131nspor, ilerleyen dakikalarda dengeyi kurarak rakip kalede etkili olmaya ba\u015flad\u0131. Arad\u0131\u011f\u0131 gol\u00fc&#8230;<\/p>\n","protected":false},"author":1,"featured_media":71175,"comment_status":"open","ping_status":"open","sticky":false,"template":"","format":"standard","meta":{"_crdt_document":"","footnotes":""},"categories":[4],"tags":[],"class_list":["post-71174","post","type-post","status-publish","format-standard","has-post-thumbnail","hentry","category-spor"],"_links":{"self":[{"href":"https:\/\/www.egemtv.com\/index.php?rest_route=\/wp\/v2\/posts\/71174","targetHints":{"allow":["GET"]}}],"collection":[{"href":"https:\/\/www.egemtv.com\/index.php?rest_route=\/wp\/v2\/posts"}],"about":[{"href":"https:\/\/www.egemtv.com\/index.php?rest_route=\/wp\/v2\/types\/post"}],"author":[{"embeddable":true,"href":"https:\/\/www.egemtv.com\/index.php?rest_route=\/wp\/v2\/users\/1"}],"replies":[{"embeddable":true,"href":"https:\/\/www.egemtv.com\/index.php?rest_route=%2Fwp%2Fv2%2Fcomments&post=71174"}],"version-history":[{"count":1,"href":"https:\/\/www.egemtv.com\/index.php?rest_route=\/wp\/v2\/posts\/71174\/revisions"}],"predecessor-version":[{"id":71176,"href":"https:\/\/www.egemtv.com\/index.php?rest_route=\/wp\/v2\/posts\/71174\/revisions\/71176"}],"wp:featuredmedia":[{"embeddable":true,"href":"https:\/\/www.egemtv.com\/index.php?rest_route=\/wp\/v2\/media\/71175"}],"wp:attachment":[{"href":"https:\/\/www.egemtv.com\/index.php?rest_route=%2Fwp%2Fv2%2Fmedia&parent=71174"}],"wp:term":[{"taxonomy":"category","embeddable":true,"href":"https:\/\/www.egemtv.com\/index.php?rest_route=%2Fwp%2Fv2%2Fcategories&post=71174"},{"taxonomy":"post_tag","embeddable":true,"href":"https:\/\/www.egemtv.com\/index.php?rest_route=%2Fwp%2Fv2%2Ftags&post=71174"}],"curies":[{"name":"wp","href":"https:\/\/api.w.org\/{rel}","templated":true}]}}