{"id":71171,"date":"2025-11-30T18:34:51","date_gmt":"2025-11-30T15:34:51","guid":{"rendered":"https:\/\/www.egemtv.com\/?p=71171"},"modified":"2025-11-30T18:34:52","modified_gmt":"2025-11-30T15:34:52","slug":"afyonkarahisarin-1300-rakimli-yaylasina-mevsimin-ilk-kari-dustu","status":"publish","type":"post","link":"https:\/\/www.egemtv.com\/?p=71171","title":{"rendered":"Afyonkarahisar\u2019\u0131n 1300 rak\u0131ml\u0131 yaylas\u0131na mevsimin ilk kar\u0131 d\u00fc\u015ft\u00fc"},"content":{"rendered":"<p>Afyonkarahisar\u2019\u0131n \u015euhut il\u00e7esine ba\u011fl\u0131 Akyuva k\u00f6y\u00fc Eseli Yaylas\u0131 mevsimin ilk kar ya\u011f\u0131\u015f\u0131yla beyaza b\u00fcr\u00fcnd\u00fc. Vatanda\u015flar\u0131n sosyal medyada payla\u015ft\u0131\u011f\u0131 g\u00f6r\u00fcnt\u00fcler b\u00fcy\u00fck ilgi g\u00f6rd\u00fc.<br \/>\n<br \/>Yakla\u015f\u0131k 1300 rak\u0131ml\u0131 Eseli Yaylas\u0131\u2019nda ak\u015fam saatlerinde ba\u015flayan kar ya\u011f\u0131\u015f\u0131 k\u0131sa s\u00fcrede \u00e7evreyi beyaz \u00f6rt\u00fcyle kaplarken, k\u00f6y sakinlerine de k\u0131\u015f\u0131n geli\u015fini m\u00fcjdeledi. Kar ya\u011f\u0131\u015f\u0131n\u0131 cep telefonlar\u0131yla kaydeden b\u00f6lge halk\u0131, g\u00f6r\u00fcnt\u00fcleri sosyal medya hesaplar\u0131ndan payla\u015farak an\u0131 \u00f6l\u00fcms\u00fczle\u015ftirdi. Do\u011fa harikas\u0131 manzaralar, k\u0131sa s\u00fcrede sosyal medyada ilgi g\u00f6rd\u00fc. K\u00f6y sakinleri, \u00f6zellikle y\u00fcksek rak\u0131ml\u0131 Eseli Yaylas\u0131\u2019na her y\u0131l erken d\u00fc\u015fen kar\u0131n bu y\u0131l da kendini g\u00f6sterdi\u011fini belirttiler. Yaylada olu\u015fan beyaz \u00f6rt\u00fc, hem foto\u011fraf merakl\u0131lar\u0131n\u0131n hem de do\u011faseverlerin ilgisini \u00e7ekecek g\u00fczellikte g\u00f6r\u00fcnt\u00fcler sundu.<br \/><\/p>\n","protected":false},"excerpt":{"rendered":"<p>Afyonkarahisar\u2019\u0131n \u015euhut il\u00e7esine ba\u011fl\u0131 Akyuva k\u00f6y\u00fc Eseli Yaylas\u0131 mevsimin ilk kar ya\u011f\u0131\u015f\u0131yla beyaza b\u00fcr\u00fcnd\u00fc. Vatanda\u015flar\u0131n sosyal medyada payla\u015ft\u0131\u011f\u0131 g\u00f6r\u00fcnt\u00fcler b\u00fcy\u00fck ilgi g\u00f6rd\u00fc. Yakla\u015f\u0131k 1300 rak\u0131ml\u0131 Eseli Yaylas\u0131\u2019nda ak\u015fam saatlerinde ba\u015flayan kar ya\u011f\u0131\u015f\u0131 k\u0131sa s\u00fcrede \u00e7evreyi beyaz \u00f6rt\u00fcyle kaplarken, k\u00f6y sakinlerine de k\u0131\u015f\u0131n geli\u015fini m\u00fcjdeledi. Kar ya\u011f\u0131\u015f\u0131n\u0131 cep telefonlar\u0131yla kaydeden b\u00f6lge halk\u0131, g\u00f6r\u00fcnt\u00fcleri sosyal medya hesaplar\u0131ndan&#8230;<\/p>\n","protected":false},"author":1,"featured_media":71172,"comment_status":"open","ping_status":"open","sticky":false,"template":"","format":"standard","meta":{"_crdt_document":"","footnotes":""},"categories":[1],"tags":[],"class_list":["post-71171","post","type-post","status-publish","format-standard","has-post-thumbnail","hentry","category-guncel"],"_links":{"self":[{"href":"https:\/\/www.egemtv.com\/index.php?rest_route=\/wp\/v2\/posts\/71171","targetHints":{"allow":["GET"]}}],"collection":[{"href":"https:\/\/www.egemtv.com\/index.php?rest_route=\/wp\/v2\/posts"}],"about":[{"href":"https:\/\/www.egemtv.com\/index.php?rest_route=\/wp\/v2\/types\/post"}],"author":[{"embeddable":true,"href":"https:\/\/www.egemtv.com\/index.php?rest_route=\/wp\/v2\/users\/1"}],"replies":[{"embeddable":true,"href":"https:\/\/www.egemtv.com\/index.php?rest_route=%2Fwp%2Fv2%2Fcomments&post=71171"}],"version-history":[{"count":1,"href":"https:\/\/www.egemtv.com\/index.php?rest_route=\/wp\/v2\/posts\/71171\/revisions"}],"predecessor-version":[{"id":71173,"href":"https:\/\/www.egemtv.com\/index.php?rest_route=\/wp\/v2\/posts\/71171\/revisions\/71173"}],"wp:featuredmedia":[{"embeddable":true,"href":"https:\/\/www.egemtv.com\/index.php?rest_route=\/wp\/v2\/media\/71172"}],"wp:attachment":[{"href":"https:\/\/www.egemtv.com\/index.php?rest_route=%2Fwp%2Fv2%2Fmedia&parent=71171"}],"wp:term":[{"taxonomy":"category","embeddable":true,"href":"https:\/\/www.egemtv.com\/index.php?rest_route=%2Fwp%2Fv2%2Fcategories&post=71171"},{"taxonomy":"post_tag","embeddable":true,"href":"https:\/\/www.egemtv.com\/index.php?rest_route=%2Fwp%2Fv2%2Ftags&post=71171"}],"curies":[{"name":"wp","href":"https:\/\/api.w.org\/{rel}","templated":true}]}}