{"id":71168,"date":"2025-11-30T17:54:53","date_gmt":"2025-11-30T14:54:53","guid":{"rendered":"https:\/\/www.egemtv.com\/?p=71168"},"modified":"2025-11-30T17:54:53","modified_gmt":"2025-11-30T14:54:53","slug":"bedestende-ask-ile-akil-bulustu","status":"publish","type":"post","link":"https:\/\/www.egemtv.com\/?p=71168","title":{"rendered":"Bedesten\u2019de \u2018A\u015fk ile Ak\u0131l\u2019 bulu\u015ftu"},"content":{"rendered":"<p>Yunusemre Belediyesi, \u015eehzadeler Belediyesi, Yunusemre ve \u015eehzadeler Kent Konseyi i\u015f birli\u011fi ile \u00d6mer Hayyam\u2019dan Yunus Emre\u2019ye uzanan bilgelik yolculu\u011fu \u2018A\u015fk ile Ak\u0131l\u2019 program\u0131nda yeniden hat\u0131rlat\u0131ld\u0131.<br \/>\n<br \/>Tarihi Bedesten Salonu\u2019nda ger\u00e7ekle\u015ftirilen etkinlikte, \u00d6mer Hayyam\u2019dan Yunus Emre\u2019ye uzanan hikmet dolu s\u00f6zler, insan\u0131 merkeze alan kadim de\u011ferler ve k\u00fclt\u00fcrel miras yeniden hat\u0131rlat\u0131ld\u0131. Program\u0131n a\u00e7\u0131l\u0131\u015f konu\u015fmas\u0131n\u0131 Yunusemre Kent Konseyi Ba\u015fkan\u0131 Bekta\u015f K\u0131l\u0131n\u00e7 yapt\u0131. K\u0131l\u0131n\u00e7 konu\u015fmas\u0131nda; kadim d\u00fc\u015f\u00fcnce gelene\u011finde a\u015fk ve akl\u0131n birbirini tamamlayan iki kutup oldu\u011funa dikkat \u00e7ekerek, bu de\u011ferlerin hat\u0131rlat\u0131lmas\u0131n\u0131n toplumun k\u00fclt\u00fcrel zenginli\u011fi a\u00e7\u0131s\u0131ndan \u00f6nem ta\u015f\u0131d\u0131\u011f\u0131n\u0131 vurgulad\u0131. Konu\u015fman\u0131n ard\u0131ndan ba\u015flayan g\u00f6sterim, teatral anlat\u0131mlar ve ge\u00e7mi\u015ften g\u00fcn\u00fcm\u00fcze uzanan ezgiler ile devam etti.<br \/><\/p>\n","protected":false},"excerpt":{"rendered":"<p>Yunusemre Belediyesi, \u015eehzadeler Belediyesi, Yunusemre ve \u015eehzadeler Kent Konseyi i\u015f birli\u011fi ile \u00d6mer Hayyam\u2019dan Yunus Emre\u2019ye uzanan bilgelik yolculu\u011fu \u2018A\u015fk ile Ak\u0131l\u2019 program\u0131nda yeniden hat\u0131rlat\u0131ld\u0131. Tarihi Bedesten Salonu\u2019nda ger\u00e7ekle\u015ftirilen etkinlikte, \u00d6mer Hayyam\u2019dan Yunus Emre\u2019ye uzanan hikmet dolu s\u00f6zler, insan\u0131 merkeze alan kadim de\u011ferler ve k\u00fclt\u00fcrel miras yeniden hat\u0131rlat\u0131ld\u0131. Program\u0131n a\u00e7\u0131l\u0131\u015f konu\u015fmas\u0131n\u0131 Yunusemre Kent Konseyi Ba\u015fkan\u0131&#8230;<\/p>\n","protected":false},"author":1,"featured_media":71169,"comment_status":"open","ping_status":"open","sticky":false,"template":"","format":"standard","meta":{"_crdt_document":"","footnotes":""},"categories":[1],"tags":[],"class_list":["post-71168","post","type-post","status-publish","format-standard","has-post-thumbnail","hentry","category-guncel"],"_links":{"self":[{"href":"https:\/\/www.egemtv.com\/index.php?rest_route=\/wp\/v2\/posts\/71168","targetHints":{"allow":["GET"]}}],"collection":[{"href":"https:\/\/www.egemtv.com\/index.php?rest_route=\/wp\/v2\/posts"}],"about":[{"href":"https:\/\/www.egemtv.com\/index.php?rest_route=\/wp\/v2\/types\/post"}],"author":[{"embeddable":true,"href":"https:\/\/www.egemtv.com\/index.php?rest_route=\/wp\/v2\/users\/1"}],"replies":[{"embeddable":true,"href":"https:\/\/www.egemtv.com\/index.php?rest_route=%2Fwp%2Fv2%2Fcomments&post=71168"}],"version-history":[{"count":1,"href":"https:\/\/www.egemtv.com\/index.php?rest_route=\/wp\/v2\/posts\/71168\/revisions"}],"predecessor-version":[{"id":71170,"href":"https:\/\/www.egemtv.com\/index.php?rest_route=\/wp\/v2\/posts\/71168\/revisions\/71170"}],"wp:featuredmedia":[{"embeddable":true,"href":"https:\/\/www.egemtv.com\/index.php?rest_route=\/wp\/v2\/media\/71169"}],"wp:attachment":[{"href":"https:\/\/www.egemtv.com\/index.php?rest_route=%2Fwp%2Fv2%2Fmedia&parent=71168"}],"wp:term":[{"taxonomy":"category","embeddable":true,"href":"https:\/\/www.egemtv.com\/index.php?rest_route=%2Fwp%2Fv2%2Fcategories&post=71168"},{"taxonomy":"post_tag","embeddable":true,"href":"https:\/\/www.egemtv.com\/index.php?rest_route=%2Fwp%2Fv2%2Ftags&post=71168"}],"curies":[{"name":"wp","href":"https:\/\/api.w.org\/{rel}","templated":true}]}}