{"id":71165,"date":"2025-11-30T17:54:52","date_gmt":"2025-11-30T14:54:52","guid":{"rendered":"https:\/\/www.egemtv.com\/?p=71165"},"modified":"2025-11-30T17:54:52","modified_gmt":"2025-11-30T14:54:52","slug":"selendi-belediyespor-3-puani-3-golle-aldi","status":"publish","type":"post","link":"https:\/\/www.egemtv.com\/?p=71165","title":{"rendered":"Selendi Belediyespor 3 puan\u0131 3 golle ald\u0131"},"content":{"rendered":"<p>0 ma\u011flup ederek ilk haftay\u0131 3 puanla kapatt\u0131.<br \/>\n<br \/>M\u00fccadelede oyun \u00fcst\u00fcnl\u00fc\u011f\u00fcn\u00fc ba\u015ftan sona elinde tutan Selendi ekibi, ikinci yar\u0131da buldu\u011fu gollerle sahadan 3-0\u2019l\u0131k net galibiyetle ayr\u0131ld\u0131. Ev sahibi Killik Spor ise kar\u015f\u0131la\u015fmay\u0131 iki k\u0131rm\u0131z\u0131 kartla 9 ki\u015fi tamamlad\u0131. Bu sonu\u00e7la Selendi Belediyespor, yeni teknik heyetiyle \u00e7\u0131kt\u0131\u011f\u0131 ilk ma\u00e7ta hem galibiyeti hem de moral avantaj\u0131n\u0131 ald\u0131. Ma\u00e7\u0131n ard\u0131ndan a\u00e7\u0131klama yapan Selendi Belediyespor Ba\u015fkan\u0131 \u00d6mer Karag\u00f6z, hedeflerinin bu sezon \u015fampiyonluk oldu\u011funu belirterek, &#8220;Hak etti\u011fimiz S\u00fcper Amat\u00f6r Lig\u2019e yeniden d\u00f6nece\u011fiz&#8221; dedi.<br \/>\n<br \/>Selendi Belediye Ba\u015fkan\u0131 Murat Daban da deplasman ma\u00e7\u0131nda tak\u0131m\u0131 yaln\u0131z b\u0131rakmad\u0131.<br \/><\/p>\n","protected":false},"excerpt":{"rendered":"<p>0 ma\u011flup ederek ilk haftay\u0131 3 puanla kapatt\u0131. M\u00fccadelede oyun \u00fcst\u00fcnl\u00fc\u011f\u00fcn\u00fc ba\u015ftan sona elinde tutan Selendi ekibi, ikinci yar\u0131da buldu\u011fu gollerle sahadan 3-0\u2019l\u0131k net galibiyetle ayr\u0131ld\u0131. Ev sahibi Killik Spor ise kar\u015f\u0131la\u015fmay\u0131 iki k\u0131rm\u0131z\u0131 kartla 9 ki\u015fi tamamlad\u0131. Bu sonu\u00e7la Selendi Belediyespor, yeni teknik heyetiyle \u00e7\u0131kt\u0131\u011f\u0131 ilk ma\u00e7ta hem galibiyeti hem de moral avantaj\u0131n\u0131 ald\u0131&#8230;.<\/p>\n","protected":false},"author":1,"featured_media":71166,"comment_status":"open","ping_status":"open","sticky":false,"template":"","format":"standard","meta":{"_crdt_document":"","footnotes":""},"categories":[4],"tags":[],"class_list":["post-71165","post","type-post","status-publish","format-standard","has-post-thumbnail","hentry","category-spor"],"_links":{"self":[{"href":"https:\/\/www.egemtv.com\/index.php?rest_route=\/wp\/v2\/posts\/71165","targetHints":{"allow":["GET"]}}],"collection":[{"href":"https:\/\/www.egemtv.com\/index.php?rest_route=\/wp\/v2\/posts"}],"about":[{"href":"https:\/\/www.egemtv.com\/index.php?rest_route=\/wp\/v2\/types\/post"}],"author":[{"embeddable":true,"href":"https:\/\/www.egemtv.com\/index.php?rest_route=\/wp\/v2\/users\/1"}],"replies":[{"embeddable":true,"href":"https:\/\/www.egemtv.com\/index.php?rest_route=%2Fwp%2Fv2%2Fcomments&post=71165"}],"version-history":[{"count":1,"href":"https:\/\/www.egemtv.com\/index.php?rest_route=\/wp\/v2\/posts\/71165\/revisions"}],"predecessor-version":[{"id":71167,"href":"https:\/\/www.egemtv.com\/index.php?rest_route=\/wp\/v2\/posts\/71165\/revisions\/71167"}],"wp:featuredmedia":[{"embeddable":true,"href":"https:\/\/www.egemtv.com\/index.php?rest_route=\/wp\/v2\/media\/71166"}],"wp:attachment":[{"href":"https:\/\/www.egemtv.com\/index.php?rest_route=%2Fwp%2Fv2%2Fmedia&parent=71165"}],"wp:term":[{"taxonomy":"category","embeddable":true,"href":"https:\/\/www.egemtv.com\/index.php?rest_route=%2Fwp%2Fv2%2Fcategories&post=71165"},{"taxonomy":"post_tag","embeddable":true,"href":"https:\/\/www.egemtv.com\/index.php?rest_route=%2Fwp%2Fv2%2Ftags&post=71165"}],"curies":[{"name":"wp","href":"https:\/\/api.w.org\/{rel}","templated":true}]}}