{"id":71162,"date":"2025-11-30T17:35:47","date_gmt":"2025-11-30T14:35:47","guid":{"rendered":"https:\/\/www.egemtv.com\/?p=71162"},"modified":"2025-11-30T17:35:47","modified_gmt":"2025-11-30T14:35:47","slug":"aydinda-en-fazla-yagis-kuyucak-ve-cineye-dustu","status":"publish","type":"post","link":"https:\/\/www.egemtv.com\/?p=71162","title":{"rendered":"Ayd\u0131n\u2019da en fazla ya\u011f\u0131\u015f Kuyucak ve \u00c7ine\u2019ye d\u00fc\u015ft\u00fc"},"content":{"rendered":"<p>Ayd\u0131n genelinde son \u00f6l\u00e7\u00fcmlere g\u00f6re metrekareye d\u00fc\u015fen ya\u011f\u0131\u015f miktarlar\u0131 belirlenirken, il genelinde en fazla ya\u011f\u0131\u015f metrekareye 59,8 kilogram ile Kuyucak\u2019\u0131n Musakolu Mahallesi\u2019nde kaydedildi. Kuyucak\u2019\u0131 ise 57,4 kilogram ile \u00c7ine il\u00e7esi Hac\u0131pa\u015falar Mahallesi takip etti.<\/p>\n<p>Ayd\u0131n\u2019da d\u00fcn sabah saatlerinde g\u00f6k g\u00fcr\u00fclt\u00fcl\u00fc sa\u011fanak ya\u011f\u0131\u015f etkili oldu. Meteoroloji\u2019nin kuvvetli ya\u011f\u0131\u015f uyar\u0131s\u0131n\u0131n ard\u0131ndan, bir anda bast\u0131ran ya\u011f\u0131\u015f sonras\u0131nda yollar dereye d\u00f6nd\u00fc, baz\u0131 caddelerde su birikintileri olu\u015ftu. Ya\u015fanan yo\u011fun ya\u011f\u0131\u015f\u0131n ard\u0131ndan Meteoroloji Genel M\u00fcd\u00fcrl\u00fc\u011f\u00fc verilerine g\u00f6re metrekareye en fazla ya\u011f\u0131\u015f 59,8 kilogram ile Kuyucak\u2019\u0131n k\u0131rsal Musakolu Mahallesi\u2019ne d\u00fc\u015ferken, \u00c7ine\u2019nin k\u0131rsal Hac\u0131pa\u015falar Mahallesi ise 57,4 kilogram ile ikinci s\u0131rada yer ald\u0131. Nazilli\u2019de 42,2 kilogram ya\u011f\u0131\u015f \u00f6l\u00e7\u00fcl\u00fcrken, Bozdo\u011fan il\u00e7esinde 41,0 kilogram ya\u011f\u0131\u015f kaydedildi. Didim ve Karacasu\u2019da ya\u011f\u0131\u015f miktar\u0131 s\u0131ras\u0131yla 36,6 ve 36,3 kilogram olarak \u00f6l\u00e7\u00fcld\u00fc. Buharkent il\u00e7esinde 34,8 kilogram, Kuyucak merkezde ise 32,5 kilogram ya\u011f\u0131\u015f d\u00fc\u015ferken, Germencik\u2019te bu de\u011fer 31,6 kilogram olarak kay\u0131tlara ge\u00e7ti. Yenipazar ve Sultanhisar\u2019da ya\u011f\u0131\u015f miktar\u0131 s\u0131ras\u0131yla 27,3 ve 26,8 kilogram oldu. \u00c7ine il\u00e7esinin merkez ve Bah\u00e7earas\u0131 Mahallesi\u2019nde \u00f6l\u00e7\u00fclen ya\u011f\u0131\u015flar 26,0 ve 17,0 kilogram olarak belirlendi. Ku\u015fadas\u0131 ve Efeler\u2019de ise ya\u011f\u0131\u015f miktar\u0131 18,1 ve 17,2 kilogram seviyesinde \u00f6l\u00e7\u00fcld\u00fc. Didim Akb\u00fck Mahallesi\u2019nde 15,4, Ku\u015fadas\u0131 G\u00fczel\u00e7aml\u0131 Mahallesi\u2019nde 14,9, K\u00f6\u015fk il\u00e7esinde 14,2, S\u00f6ke merkez ve Karakaya Mahallesi\u2019nde 12,2, Ko\u00e7arl\u0131\u2019da ise 10 kilogram \u015feklinde oldu\u011fu kaydedildi.<\/p>\n<p>Ya\u011f\u0131\u015f\u0131n en az oldu\u011fu b\u00f6lgeler aras\u0131nda Ku\u015fadas\u0131 3. Nolu \u015eamand\u0131ra ve Didim Marina Feneri yer al\u0131rken bu noktalarda ise ya\u011f\u0131\u015f kaydedilmedi.<br \/><\/p>\n","protected":false},"excerpt":{"rendered":"<p>Ayd\u0131n genelinde son \u00f6l\u00e7\u00fcmlere g\u00f6re metrekareye d\u00fc\u015fen ya\u011f\u0131\u015f miktarlar\u0131 belirlenirken, il genelinde en fazla ya\u011f\u0131\u015f metrekareye 59,8 kilogram ile Kuyucak\u2019\u0131n Musakolu Mahallesi\u2019nde kaydedildi. Kuyucak\u2019\u0131 ise 57,4 kilogram ile \u00c7ine il\u00e7esi Hac\u0131pa\u015falar Mahallesi takip etti. Ayd\u0131n\u2019da d\u00fcn sabah saatlerinde g\u00f6k g\u00fcr\u00fclt\u00fcl\u00fc sa\u011fanak ya\u011f\u0131\u015f etkili oldu. Meteoroloji\u2019nin kuvvetli ya\u011f\u0131\u015f uyar\u0131s\u0131n\u0131n ard\u0131ndan, bir anda bast\u0131ran ya\u011f\u0131\u015f sonras\u0131nda yollar&#8230;<\/p>\n","protected":false},"author":1,"featured_media":71163,"comment_status":"open","ping_status":"open","sticky":false,"template":"","format":"standard","meta":{"_crdt_document":"","footnotes":""},"categories":[1],"tags":[],"class_list":["post-71162","post","type-post","status-publish","format-standard","has-post-thumbnail","hentry","category-guncel"],"_links":{"self":[{"href":"https:\/\/www.egemtv.com\/index.php?rest_route=\/wp\/v2\/posts\/71162","targetHints":{"allow":["GET"]}}],"collection":[{"href":"https:\/\/www.egemtv.com\/index.php?rest_route=\/wp\/v2\/posts"}],"about":[{"href":"https:\/\/www.egemtv.com\/index.php?rest_route=\/wp\/v2\/types\/post"}],"author":[{"embeddable":true,"href":"https:\/\/www.egemtv.com\/index.php?rest_route=\/wp\/v2\/users\/1"}],"replies":[{"embeddable":true,"href":"https:\/\/www.egemtv.com\/index.php?rest_route=%2Fwp%2Fv2%2Fcomments&post=71162"}],"version-history":[{"count":1,"href":"https:\/\/www.egemtv.com\/index.php?rest_route=\/wp\/v2\/posts\/71162\/revisions"}],"predecessor-version":[{"id":71164,"href":"https:\/\/www.egemtv.com\/index.php?rest_route=\/wp\/v2\/posts\/71162\/revisions\/71164"}],"wp:featuredmedia":[{"embeddable":true,"href":"https:\/\/www.egemtv.com\/index.php?rest_route=\/wp\/v2\/media\/71163"}],"wp:attachment":[{"href":"https:\/\/www.egemtv.com\/index.php?rest_route=%2Fwp%2Fv2%2Fmedia&parent=71162"}],"wp:term":[{"taxonomy":"category","embeddable":true,"href":"https:\/\/www.egemtv.com\/index.php?rest_route=%2Fwp%2Fv2%2Fcategories&post=71162"},{"taxonomy":"post_tag","embeddable":true,"href":"https:\/\/www.egemtv.com\/index.php?rest_route=%2Fwp%2Fv2%2Ftags&post=71162"}],"curies":[{"name":"wp","href":"https:\/\/api.w.org\/{rel}","templated":true}]}}