{"id":71156,"date":"2025-11-30T17:14:57","date_gmt":"2025-11-30T14:14:57","guid":{"rendered":"https:\/\/www.egemtv.com\/?p=71156"},"modified":"2025-11-30T17:14:58","modified_gmt":"2025-11-30T14:14:58","slug":"yunusemrede-temiz-nefes-saglikli-gelecek-paneli","status":"publish","type":"post","link":"https:\/\/www.egemtv.com\/?p=71156","title":{"rendered":"Yunusemre\u2019de \u2018Temiz Nefes Sa\u011fl\u0131kl\u0131 Gelecek&#8221; paneli"},"content":{"rendered":"<p>Yunusemre Belediyesi ile Manisa Celal Bayar \u00dcniversitesi i\u015fbirli\u011finde \u2018Temiz Nefes Sa\u011fl\u0131kl\u0131 Gelecek\u2019 isimli panel d\u00fczenlendi. Panelde  akci\u011fer sa\u011fl\u0131\u011f\u0131n\u0131 etkileyen fakt\u00f6rler ve koruma yollar\u0131 ele al\u0131nd\u0131.<br \/>\n<br \/>Yunusemre Belediyesi ile Manisa Celal Bayar \u00dcniversitesi i\u015fbirli\u011finde, toplumda sa\u011fl\u0131kl\u0131 ya\u015fam fark\u0131ndal\u0131\u011f\u0131n\u0131 art\u0131rmak amac\u0131yla &#8220;Temiz Nefes Sa\u011fl\u0131kl\u0131 Gelecek&#8221; paneli ger\u00e7ekle\u015ftirildi. MASK\u0130 \u0130kiz Kuleler Konferans Salonu\u2019nda d\u00fczenlenen etkinlikte akci\u011fer sa\u011fl\u0131\u011f\u0131n\u0131 etkileyen fakt\u00f6rler, riskler ve korunma y\u00f6ntemleri bilimsel veriler \u0131\u015f\u0131\u011f\u0131nda ele al\u0131nd\u0131. Panele Yunusemre Belediye Ba\u015fkan Yard\u0131mc\u0131lar\u0131 Emine \u00d6zge Arslan ile Hakan G\u00fcrtunca, Manisa Aile ve Sosyal Hizmetler \u0130l M\u00fcd\u00fcr\u00fc Mustafa K\u0131l\u0131\u00e7, belediye meclis \u00fcyeleri, birim m\u00fcd\u00fcrleri ve \u00e7ok say\u0131da vatanda\u015f kat\u0131ld\u0131. Panelin moderat\u00f6rl\u00fc\u011f\u00fcn\u00fc Yunusemre Gen\u00e7lik, Spor ve E\u011fitim Komisyonu Ba\u015fkan\u0131 H\u00fcseyin S\u00fcrel yaparken; konu\u015fmac\u0131 olarak MCB\u00dc T\u0131p Fak\u00fcltesi G\u00f6\u011f\u00fcs Hastal\u0131klar\u0131 Ana Bilim Dal\u0131\u2019ndan Do\u00e7. Dr. Deniz K\u0131z\u0131l\u0131rmak, Diyetisyen Sevcan \u0130nci ve Fizyoterapist Ba\u015fak Ert\u00fcrk yer ald\u0131. Program\u0131n a\u00e7\u0131l\u0131\u015f\u0131nda konu\u015fan Belediye Ba\u015fkan Yard\u0131mc\u0131s\u0131 Hakan G\u00fcrtunca, Yunusemre Belediye Ba\u015fkan\u0131 Semih Balaban\u2019\u0131n selamlar\u0131n\u0131 ileterek sa\u011fl\u0131kl\u0131 ya\u015fam i\u00e7in toplumsal fark\u0131ndal\u0131k olu\u015fturman\u0131n \u00f6nemine dikkat \u00e7ekti.<br \/>\n<br \/>Uzmanlar panelde; hava kirlili\u011finin akci\u011ferler \u00fczerindeki olumsuz etkileri, sigara ve t\u00fct\u00fcn \u00fcr\u00fcnlerinin yol a\u00e7t\u0131\u011f\u0131 hastal\u0131klar, beslenmenin solunum sa\u011fl\u0131\u011f\u0131na katk\u0131s\u0131, do\u011fru nefes teknikleri ve d\u00fczenli fiziksel aktivitenin \u00f6nemine dair bilgiler payla\u015ft\u0131. Kat\u0131l\u0131mc\u0131lara g\u00fcnl\u00fck ya\u015famda uygulanabilecek basit ama etkili koruyucu sa\u011fl\u0131k \u00f6nerileri de sunuldu. Panel, soru-cevap b\u00f6l\u00fcm\u00fcnde vatanda\u015flar\u0131n merak ettikleri konular\u0131 uzmanlara y\u00f6neltmesiyle son buldu.<br \/><\/p>\n","protected":false},"excerpt":{"rendered":"<p>Yunusemre Belediyesi ile Manisa Celal Bayar \u00dcniversitesi i\u015fbirli\u011finde \u2018Temiz Nefes Sa\u011fl\u0131kl\u0131 Gelecek\u2019 isimli panel d\u00fczenlendi. Panelde akci\u011fer sa\u011fl\u0131\u011f\u0131n\u0131 etkileyen fakt\u00f6rler ve koruma yollar\u0131 ele al\u0131nd\u0131. Yunusemre Belediyesi ile Manisa Celal Bayar \u00dcniversitesi i\u015fbirli\u011finde, toplumda sa\u011fl\u0131kl\u0131 ya\u015fam fark\u0131ndal\u0131\u011f\u0131n\u0131 art\u0131rmak amac\u0131yla &#8220;Temiz Nefes Sa\u011fl\u0131kl\u0131 Gelecek&#8221; paneli ger\u00e7ekle\u015ftirildi. MASK\u0130 \u0130kiz Kuleler Konferans Salonu\u2019nda d\u00fczenlenen etkinlikte akci\u011fer sa\u011fl\u0131\u011f\u0131n\u0131 etkileyen&#8230;<\/p>\n","protected":false},"author":1,"featured_media":71157,"comment_status":"open","ping_status":"open","sticky":false,"template":"","format":"standard","meta":{"_crdt_document":"","footnotes":""},"categories":[2],"tags":[],"class_list":["post-71156","post","type-post","status-publish","format-standard","has-post-thumbnail","hentry","category-saglik"],"_links":{"self":[{"href":"https:\/\/www.egemtv.com\/index.php?rest_route=\/wp\/v2\/posts\/71156","targetHints":{"allow":["GET"]}}],"collection":[{"href":"https:\/\/www.egemtv.com\/index.php?rest_route=\/wp\/v2\/posts"}],"about":[{"href":"https:\/\/www.egemtv.com\/index.php?rest_route=\/wp\/v2\/types\/post"}],"author":[{"embeddable":true,"href":"https:\/\/www.egemtv.com\/index.php?rest_route=\/wp\/v2\/users\/1"}],"replies":[{"embeddable":true,"href":"https:\/\/www.egemtv.com\/index.php?rest_route=%2Fwp%2Fv2%2Fcomments&post=71156"}],"version-history":[{"count":1,"href":"https:\/\/www.egemtv.com\/index.php?rest_route=\/wp\/v2\/posts\/71156\/revisions"}],"predecessor-version":[{"id":71158,"href":"https:\/\/www.egemtv.com\/index.php?rest_route=\/wp\/v2\/posts\/71156\/revisions\/71158"}],"wp:featuredmedia":[{"embeddable":true,"href":"https:\/\/www.egemtv.com\/index.php?rest_route=\/wp\/v2\/media\/71157"}],"wp:attachment":[{"href":"https:\/\/www.egemtv.com\/index.php?rest_route=%2Fwp%2Fv2%2Fmedia&parent=71156"}],"wp:term":[{"taxonomy":"category","embeddable":true,"href":"https:\/\/www.egemtv.com\/index.php?rest_route=%2Fwp%2Fv2%2Fcategories&post=71156"},{"taxonomy":"post_tag","embeddable":true,"href":"https:\/\/www.egemtv.com\/index.php?rest_route=%2Fwp%2Fv2%2Ftags&post=71156"}],"curies":[{"name":"wp","href":"https:\/\/api.w.org\/{rel}","templated":true}]}}