{"id":71153,"date":"2025-11-30T16:55:00","date_gmt":"2025-11-30T13:55:00","guid":{"rendered":"https:\/\/www.egemtv.com\/?p=71153"},"modified":"2025-11-30T16:55:00","modified_gmt":"2025-11-30T13:55:00","slug":"firtinada-karaya-vuran-yelkenliler-kaldiriliyor","status":"publish","type":"post","link":"https:\/\/www.egemtv.com\/?p=71153","title":{"rendered":"F\u0131rt\u0131nada karaya vuran yelkenliler kald\u0131r\u0131l\u0131yor"},"content":{"rendered":"<p>Mu\u011fla\u2019n\u0131n Marmaris il\u00e7esinde etkili olan f\u0131rt\u0131na \u00fc\u00e7 yelkenliyi karaya s\u00fcr\u00fcklerken, karaya vuran yelkenli tekneler kald\u0131r\u0131lmaya ba\u015fland\u0131.<br \/>\n<br \/>Marmaris il\u00e7esinde d\u00fcn sabah saatlerinden itibaren etkisini art\u0131ran \u015fiddetli f\u0131rt\u0131na ve sa\u011fanak ya\u011fmur, il\u00e7e genelinde hayat\u0131 olumsuz etkiledi. Kemeralt\u0131 Mahallesi Halk Plaj\u0131 sahilinde bulunan \u00fc\u00e7 yelkenli tekne, kuvvetli r\u00fczgar\u0131n etkisiyle k\u0131y\u0131ya s\u00fcr\u00fcklenerek karaya vurdu. Teknelerden birinde bulundu\u011fu \u00f6\u011frenilen bir Rus vatanda\u015f\u0131n\u0131n, teknenin karaya oturmas\u0131n\u0131n ard\u0131ndan kendi imkanlar\u0131yla k\u0131y\u0131ya \u00e7\u0131kmay\u0131 ba\u015fard\u0131\u011f\u0131 bildirildi. Ya\u011f\u0131\u015fla birlikte il\u00e7enin farkl\u0131 noktalar\u0131nda da a\u011fa\u00e7lar\u0131n yollara devrildi\u011fi ve ula\u015f\u0131mda aksamalar ya\u015fand\u0131\u011f\u0131 kaydedildi.<\/p>\n<p>Yelkenliler bak\u0131m i\u00e7in g\u00f6t\u00fcr\u00fcld\u00fc<br \/>\n<br \/>D\u00fcn sabah saatlerinde f\u0131rt\u0131na ve sa\u011fanakla birlikte k\u0131y\u0131ya s\u00fcr\u00fcklenerek karaya oturan yelkenli tekneler i\u00e7in bug\u00fcn kald\u0131r\u0131lmaya ba\u015fland\u0131. Teknelerin sahipleri b\u00f6lgeye gelerek tekneleri vin\u00e7 ve kamyon yard\u0131m\u0131yla bak\u0131m ve \u00e7ekek alanlar\u0131na g\u00f6t\u00fcrd\u00fc.<br \/><\/p>\n","protected":false},"excerpt":{"rendered":"<p>Mu\u011fla\u2019n\u0131n Marmaris il\u00e7esinde etkili olan f\u0131rt\u0131na \u00fc\u00e7 yelkenliyi karaya s\u00fcr\u00fcklerken, karaya vuran yelkenli tekneler kald\u0131r\u0131lmaya ba\u015fland\u0131. Marmaris il\u00e7esinde d\u00fcn sabah saatlerinden itibaren etkisini art\u0131ran \u015fiddetli f\u0131rt\u0131na ve sa\u011fanak ya\u011fmur, il\u00e7e genelinde hayat\u0131 olumsuz etkiledi. Kemeralt\u0131 Mahallesi Halk Plaj\u0131 sahilinde bulunan \u00fc\u00e7 yelkenli tekne, kuvvetli r\u00fczgar\u0131n etkisiyle k\u0131y\u0131ya s\u00fcr\u00fcklenerek karaya vurdu. Teknelerden birinde bulundu\u011fu \u00f6\u011frenilen bir&#8230;<\/p>\n","protected":false},"author":1,"featured_media":71154,"comment_status":"open","ping_status":"open","sticky":false,"template":"","format":"standard","meta":{"_crdt_document":"","footnotes":""},"categories":[1],"tags":[],"class_list":["post-71153","post","type-post","status-publish","format-standard","has-post-thumbnail","hentry","category-guncel"],"_links":{"self":[{"href":"https:\/\/www.egemtv.com\/index.php?rest_route=\/wp\/v2\/posts\/71153","targetHints":{"allow":["GET"]}}],"collection":[{"href":"https:\/\/www.egemtv.com\/index.php?rest_route=\/wp\/v2\/posts"}],"about":[{"href":"https:\/\/www.egemtv.com\/index.php?rest_route=\/wp\/v2\/types\/post"}],"author":[{"embeddable":true,"href":"https:\/\/www.egemtv.com\/index.php?rest_route=\/wp\/v2\/users\/1"}],"replies":[{"embeddable":true,"href":"https:\/\/www.egemtv.com\/index.php?rest_route=%2Fwp%2Fv2%2Fcomments&post=71153"}],"version-history":[{"count":1,"href":"https:\/\/www.egemtv.com\/index.php?rest_route=\/wp\/v2\/posts\/71153\/revisions"}],"predecessor-version":[{"id":71155,"href":"https:\/\/www.egemtv.com\/index.php?rest_route=\/wp\/v2\/posts\/71153\/revisions\/71155"}],"wp:featuredmedia":[{"embeddable":true,"href":"https:\/\/www.egemtv.com\/index.php?rest_route=\/wp\/v2\/media\/71154"}],"wp:attachment":[{"href":"https:\/\/www.egemtv.com\/index.php?rest_route=%2Fwp%2Fv2%2Fmedia&parent=71153"}],"wp:term":[{"taxonomy":"category","embeddable":true,"href":"https:\/\/www.egemtv.com\/index.php?rest_route=%2Fwp%2Fv2%2Fcategories&post=71153"},{"taxonomy":"post_tag","embeddable":true,"href":"https:\/\/www.egemtv.com\/index.php?rest_route=%2Fwp%2Fv2%2Ftags&post=71153"}],"curies":[{"name":"wp","href":"https:\/\/api.w.org\/{rel}","templated":true}]}}