{"id":71150,"date":"2025-11-30T16:54:59","date_gmt":"2025-11-30T13:54:59","guid":{"rendered":"https:\/\/www.egemtv.com\/?p=71150"},"modified":"2025-11-30T16:55:00","modified_gmt":"2025-11-30T13:55:00","slug":"germencikli-sehit-tegmen-dualarla-memleketinde-anildi","status":"publish","type":"post","link":"https:\/\/www.egemtv.com\/?p=71150","title":{"rendered":"Germencikli \u015fehit te\u011fmen dualarla memleketinde an\u0131ld\u0131"},"content":{"rendered":"<p>Isparta\u2019da meydana gelen helikopter kazas\u0131nda 9 Aral\u0131k 2024\u2019te \u015fehit olan Te\u011fmen Mustafa Atakan Dut i\u00e7in memleketi Ayd\u0131n\u2019\u0131n Germencik il\u00e7esinde mevlid d\u00fczenlendi.<\/p>\n<p>\u015eehidin ailesinin evinde ger\u00e7ekle\u015ftirilen programda Kur\u2019an-\u0131 Kerim okunarak dualar edildi. Mevlid program\u0131na il\u00e7e Germencik Kaymakam\u0131 Sultan Do\u011fru ba\u015fta olmak \u00fczere \u00e7ok say\u0131da vatanda\u015f kat\u0131ld\u0131. Kaymakam Do\u011fru, anne K\u00fcbra Dut, baba Astsubay Ba\u015f\u00e7avu\u015f Ali Dut ve \u015fehidin karde\u015fi Ecemnur Dut\u2019a ba\u015fsa\u011fl\u0131\u011f\u0131 ve sab\u0131r dileklerini iletti. Vatanda\u015flar da \u015fehit ailesine destek verirken, okunan mevlidin ard\u0131ndan \u015fehit Te\u011fmen Mustafa Atakan Dut i\u00e7in dualar edildi. \u015eehidin ailesi, kendilerini yaln\u0131z b\u0131rakmayan Kaymakam Do\u011fru, protokol \u00fcyeleri ve vatanda\u015flara te\u015fekk\u00fcr etti.<br \/><\/p>\n","protected":false},"excerpt":{"rendered":"<p>Isparta\u2019da meydana gelen helikopter kazas\u0131nda 9 Aral\u0131k 2024\u2019te \u015fehit olan Te\u011fmen Mustafa Atakan Dut i\u00e7in memleketi Ayd\u0131n\u2019\u0131n Germencik il\u00e7esinde mevlid d\u00fczenlendi. \u015eehidin ailesinin evinde ger\u00e7ekle\u015ftirilen programda Kur\u2019an-\u0131 Kerim okunarak dualar edildi. Mevlid program\u0131na il\u00e7e Germencik Kaymakam\u0131 Sultan Do\u011fru ba\u015fta olmak \u00fczere \u00e7ok say\u0131da vatanda\u015f kat\u0131ld\u0131. Kaymakam Do\u011fru, anne K\u00fcbra Dut, baba Astsubay Ba\u015f\u00e7avu\u015f Ali Dut&#8230;<\/p>\n","protected":false},"author":1,"featured_media":71151,"comment_status":"open","ping_status":"open","sticky":false,"template":"","format":"standard","meta":{"_crdt_document":"","footnotes":""},"categories":[1],"tags":[],"class_list":["post-71150","post","type-post","status-publish","format-standard","has-post-thumbnail","hentry","category-guncel"],"_links":{"self":[{"href":"https:\/\/www.egemtv.com\/index.php?rest_route=\/wp\/v2\/posts\/71150","targetHints":{"allow":["GET"]}}],"collection":[{"href":"https:\/\/www.egemtv.com\/index.php?rest_route=\/wp\/v2\/posts"}],"about":[{"href":"https:\/\/www.egemtv.com\/index.php?rest_route=\/wp\/v2\/types\/post"}],"author":[{"embeddable":true,"href":"https:\/\/www.egemtv.com\/index.php?rest_route=\/wp\/v2\/users\/1"}],"replies":[{"embeddable":true,"href":"https:\/\/www.egemtv.com\/index.php?rest_route=%2Fwp%2Fv2%2Fcomments&post=71150"}],"version-history":[{"count":1,"href":"https:\/\/www.egemtv.com\/index.php?rest_route=\/wp\/v2\/posts\/71150\/revisions"}],"predecessor-version":[{"id":71152,"href":"https:\/\/www.egemtv.com\/index.php?rest_route=\/wp\/v2\/posts\/71150\/revisions\/71152"}],"wp:featuredmedia":[{"embeddable":true,"href":"https:\/\/www.egemtv.com\/index.php?rest_route=\/wp\/v2\/media\/71151"}],"wp:attachment":[{"href":"https:\/\/www.egemtv.com\/index.php?rest_route=%2Fwp%2Fv2%2Fmedia&parent=71150"}],"wp:term":[{"taxonomy":"category","embeddable":true,"href":"https:\/\/www.egemtv.com\/index.php?rest_route=%2Fwp%2Fv2%2Fcategories&post=71150"},{"taxonomy":"post_tag","embeddable":true,"href":"https:\/\/www.egemtv.com\/index.php?rest_route=%2Fwp%2Fv2%2Ftags&post=71150"}],"curies":[{"name":"wp","href":"https:\/\/api.w.org\/{rel}","templated":true}]}}