{"id":71147,"date":"2025-11-30T15:56:20","date_gmt":"2025-11-30T12:56:20","guid":{"rendered":"https:\/\/www.egemtv.com\/?p=71147"},"modified":"2025-11-30T15:56:21","modified_gmt":"2025-11-30T12:56:21","slug":"buca-belediyesine-karsi-cop-eylemi-suruyor","status":"publish","type":"post","link":"https:\/\/www.egemtv.com\/?p=71147","title":{"rendered":"Buca Belediyesi\u2019ne kar\u015f\u0131 \u00e7\u00f6p eylemi s\u00fcr\u00fcyor"},"content":{"rendered":"<p>\u0130zmir\u2019in Buca il\u00e7esindeki Temizlik \u0130\u015fleri M\u00fcd\u00fcrl\u00fc\u011f\u00fc \u015eantiyesi \u00f6n\u00fcnde mahalle sakinlerinin ge\u00e7en hafta ba\u015flayan eylemi devam ediyor. Vatanda\u015flar, depolanan \u00e7\u00f6plerin yayd\u0131\u011f\u0131 k\u00f6t\u00fc koku nedeniyle pencerelerini a\u00e7amad\u0131klar\u0131n\u0131 belirterek, artan sinek ve sa\u011fl\u0131k riski y\u00fcz\u00fcnden hastal\u0131k korkusu ya\u015fad\u0131klar\u0131n\u0131 dile getirdi.<br \/>\n<br \/>\u0130zmir\u2019in Buca il\u00e7esi Mustafa Kemal Mahallesi\u2019nde ya\u015fayan vatanda\u015flar, Buca Belediyesi Temizlik \u0130\u015fleri M\u00fcd\u00fcrl\u00fc\u011f\u00fc \u015eantiyesi\u2019nde depolanan \u00e7\u00f6pler nedeniyle ba\u015flatt\u0131klar\u0131 protestoyu bu hafta da s\u00fcrd\u00fcrd\u00fc. Artan \u00e7\u00f6p kokusu ve sinek sorunundan \u015fikayet eden mahalle sakinleri, ma\u011fduriyetlerinin giderilmesi amac\u0131yla yeniden \u015fantiye \u00f6n\u00fcnde bir araya geldi. Ellerinde pankartlarla toplanan vatanda\u015flar, sorunun bir an \u00f6nce \u00e7\u00f6z\u00fclmesi \u00e7a\u011fr\u0131s\u0131nda bulunarak sa\u011fl\u0131k riski y\u00fcz\u00fcnden hastal\u0131k korkusu ya\u015fad\u0131klar\u0131n\u0131 dile getirdi.<br \/>\n<br \/>Mahalleli ad\u0131na a\u00e7\u0131klamalarda bulanan Mustafa Kemal Mahallesi Muhtar\u0131 G\u00f6kmen Y\u0131ld\u0131z (39), &#8220;Biz bu \u015fantiyenin buradan kald\u0131r\u0131lmas\u0131n\u0131 istiyoruz. Kronik rahats\u0131zl\u0131\u011f\u0131 olan arkada\u015flar\u0131m\u0131z, vatanda\u015flar\u0131m\u0131z var. Bizim deste\u011fe, hizmete ihtiyac\u0131m\u0131z var. Ama maalesef, 1,5 y\u0131ld\u0131r hi\u00e7bir \u015fekilde hizmet alm\u0131yoruz ve geri d\u00f6n\u00fc\u015fler de sa\u011flanm\u0131yor. Bizim tek bir amac\u0131m\u0131z var. Bu \u015fantiyenin buradan kald\u0131r\u0131lmas\u0131. \u0130zmir B\u00fcy\u00fck\u015fehir Belediyesi\u2019nin de \u00e7\u00f6p aktarma merkezi buras\u0131. Otokentin, sanayinin, kocaman bir mahallenin oldu\u011fu \u015fehrin ortas\u0131nda \u00e7\u00f6p aktarma merkezi var. Mahallemde ne kadar yeni bina yap\u0131ld\u0131ysa hepsinin \u00fcst\u00fcne sat\u0131l\u0131k yaz\u0131yor ama sat\u0131lam\u0131yor. \u0130nsanlar bu kokunun, pisli\u011fin, rezaletin i\u00e7inde ya\u015famak istemiyorlar. Onlar bizi dikkate alm\u0131yorlarsa biz de onlar\u0131 dikkate almayaca\u011f\u0131z. Bizim i\u015fimiz siyaset de\u011fil. Biz hizmet almak istiyoruz&#8221; dedi.<\/p>\n<p>&#8220;Pencere a\u00e7am\u0131yoruz&#8221;<br \/>\n<br \/>Yakla\u015f\u0131k 35 y\u0131ld\u0131r Mustafa Kemal Mahallesi\u2019nde ikamet etti\u011fini kaydeden Remzi Bilgetecan (56), &#8220;A\u015f\u0131r\u0131 derecede \u00e7\u00f6p bo\u015falt\u0131lmaya ba\u015flan\u0131ld\u0131. Vah\u015fi bir \u015fekilde \u00e7\u00f6p depolamas\u0131 yap\u0131l\u0131yor. \u00c7\u00f6p depolamas\u0131n\u0131n \u015fimdiye kadar azd\u0131. \u00c7o\u011falmas\u0131 art\u0131k bizim nefesimizi kesmeye ba\u015flad\u0131. Gece uykudan kald\u0131racak, genizlerimizi yakacak derecede k\u00f6t\u00fc koku var. Pencere a\u00e7am\u0131yoruz, burada ya\u015famak \u00e7ok zor olmaya ba\u015flad\u0131. Sine\u011fi, fareyi bo\u015f verin art\u0131k nefes alam\u0131yoruz. Durum o kadar vahim bir duruma geldi ki insanlar evlerini sat\u0131p gitmeyi d\u00fc\u015f\u00fcn\u00fcyorlar ama evlerini bile satam\u0131yorlar. Otokent\u2019teki esnaf arkada\u015flara da mal sahiplerine de sesleniyorum. L\u00fctfen bize destek versin. Burada baz\u0131 restoranlar kokudan art\u0131k bombo\u015f. Buca\u2019da cezaevinin y\u0131k\u0131ld\u0131\u011f\u0131 alan buradan daha b\u00fcy\u00fck,  g\u00f6t\u00fcrs\u00fcnler oraya d\u00f6ks\u00fcnler&#8221; ifadelerini kulland\u0131.<\/p>\n<p>&#8220;Cumhuriyet Halk Partisi\u2019nin \u00e7\u00f6p zihniyeti devam etmekte&#8221;<br \/>\n<br \/>Mahalleliye destek olmak i\u00e7in alanda oldu\u011funu ifade eden AK Parti Buca Belediye Meclis \u00dcyesi Veli Balyemez (45), &#8220;Mecliste defalarca toplanan \u00e7\u00f6pler nedeni ile bu kentin sa\u011fl\u0131\u011f\u0131n\u0131n tehdit edildi\u011fini, farelerin art\u0131k mahallede cirit att\u0131\u011f\u0131n\u0131, sineklerin k\u00fc\u00e7\u00fck \u00e7ocuklara enfekte etti\u011fini, kokudan dolay\u0131 insanlar\u0131n evlerinde duramad\u0131\u011f\u0131n\u0131 anlatt\u0131k. Ne yaz\u0131k ki kar\u015f\u0131m\u0131zda bir irade yok. Bu derdimizi anlataca\u011f\u0131m\u0131z sorumlu hi\u00e7 kimse yok. Ne yaz\u0131k ki Cumhuriyet Halk Partisi\u2019nin \u00e7\u00f6p, \u00e7ukur zihniyeti devam etmekte. Buradan biz de yine yetkililere mecliste oldu\u011fu gibi sokaklardan da \u00e7a\u011fr\u0131da bulunuyoruz. Bir an \u00f6nce bu \u00e7\u00f6p\u00fc buradan kald\u0131r\u0131n. \u0130nsanlar\u0131n sa\u011fl\u0131\u011f\u0131n\u0131 tehdit etmekten vazge\u00e7in&#8221; diye konu\u015ftu.<br \/><\/p>\n","protected":false},"excerpt":{"rendered":"<p>\u0130zmir\u2019in Buca il\u00e7esindeki Temizlik \u0130\u015fleri M\u00fcd\u00fcrl\u00fc\u011f\u00fc \u015eantiyesi \u00f6n\u00fcnde mahalle sakinlerinin ge\u00e7en hafta ba\u015flayan eylemi devam ediyor. Vatanda\u015flar, depolanan \u00e7\u00f6plerin yayd\u0131\u011f\u0131 k\u00f6t\u00fc koku nedeniyle pencerelerini a\u00e7amad\u0131klar\u0131n\u0131 belirterek, artan sinek ve sa\u011fl\u0131k riski y\u00fcz\u00fcnden hastal\u0131k korkusu ya\u015fad\u0131klar\u0131n\u0131 dile getirdi. \u0130zmir\u2019in Buca il\u00e7esi Mustafa Kemal Mahallesi\u2019nde ya\u015fayan vatanda\u015flar, Buca Belediyesi Temizlik \u0130\u015fleri M\u00fcd\u00fcrl\u00fc\u011f\u00fc \u015eantiyesi\u2019nde depolanan \u00e7\u00f6pler nedeniyle ba\u015flatt\u0131klar\u0131&#8230;<\/p>\n","protected":false},"author":1,"featured_media":71148,"comment_status":"open","ping_status":"open","sticky":false,"template":"","format":"standard","meta":{"_crdt_document":"","footnotes":""},"categories":[5],"tags":[],"class_list":["post-71147","post","type-post","status-publish","format-standard","has-post-thumbnail","hentry","category-asayis"],"_links":{"self":[{"href":"https:\/\/www.egemtv.com\/index.php?rest_route=\/wp\/v2\/posts\/71147","targetHints":{"allow":["GET"]}}],"collection":[{"href":"https:\/\/www.egemtv.com\/index.php?rest_route=\/wp\/v2\/posts"}],"about":[{"href":"https:\/\/www.egemtv.com\/index.php?rest_route=\/wp\/v2\/types\/post"}],"author":[{"embeddable":true,"href":"https:\/\/www.egemtv.com\/index.php?rest_route=\/wp\/v2\/users\/1"}],"replies":[{"embeddable":true,"href":"https:\/\/www.egemtv.com\/index.php?rest_route=%2Fwp%2Fv2%2Fcomments&post=71147"}],"version-history":[{"count":1,"href":"https:\/\/www.egemtv.com\/index.php?rest_route=\/wp\/v2\/posts\/71147\/revisions"}],"predecessor-version":[{"id":71149,"href":"https:\/\/www.egemtv.com\/index.php?rest_route=\/wp\/v2\/posts\/71147\/revisions\/71149"}],"wp:featuredmedia":[{"embeddable":true,"href":"https:\/\/www.egemtv.com\/index.php?rest_route=\/wp\/v2\/media\/71148"}],"wp:attachment":[{"href":"https:\/\/www.egemtv.com\/index.php?rest_route=%2Fwp%2Fv2%2Fmedia&parent=71147"}],"wp:term":[{"taxonomy":"category","embeddable":true,"href":"https:\/\/www.egemtv.com\/index.php?rest_route=%2Fwp%2Fv2%2Fcategories&post=71147"},{"taxonomy":"post_tag","embeddable":true,"href":"https:\/\/www.egemtv.com\/index.php?rest_route=%2Fwp%2Fv2%2Ftags&post=71147"}],"curies":[{"name":"wp","href":"https:\/\/api.w.org\/{rel}","templated":true}]}}