{"id":71144,"date":"2025-11-30T15:35:38","date_gmt":"2025-11-30T12:35:38","guid":{"rendered":"https:\/\/www.egemtv.com\/?p=71144"},"modified":"2025-11-30T15:35:38","modified_gmt":"2025-11-30T12:35:38","slug":"kutahya-ulku-ocaklarindan-konser-ve-konferans-programi","status":"publish","type":"post","link":"https:\/\/www.egemtv.com\/?p=71144","title":{"rendered":"K\u00fctahya \u00dclk\u00fc Ocaklar\u0131\u2019ndan konser ve konferans program\u0131"},"content":{"rendered":"<p>\u00dclk\u00fc Ocaklar\u0131 E\u011fitim ve K\u00fclt\u00fcr Vakf\u0131 K\u00fctahya \u0130l Ba\u015fkanl\u0131\u011f\u0131, Vahit Pa\u015fa Yazma Eserler K\u00fct\u00fcphanesi\u2019nin konferans salonunda anlaml\u0131 bir programa ev sahipli\u011fi yapt\u0131. K\u00fctahya Germiyan Ata Sporlar\u0131 Kul\u00fcb\u00fc i\u015f birli\u011fiyle d\u00fczenlenen gecede, Sel\u00e7uklu tarihi ve genel T\u00fcrk tarihi alan\u0131nda \u00f6nemli \u00e7al\u0131\u015fmalara imza atan Dokuz Eyl\u00fcl \u00dcniversitesi \u00d6\u011fretim \u00dcyesi Prof. Dr. Erkan G\u00f6ksu, &#8220;T\u00fcrk\u2019\u00fcn Tarihi&#8221; ba\u015fl\u0131kl\u0131 konferans\u0131yla kat\u0131l\u0131mc\u0131larla bulu\u015ftu.<br \/>\n<br \/>Program\u0131n bir di\u011fer b\u00f6l\u00fcm\u00fcnde ise \u00dclk\u00fc Ocaklar\u0131 Genel Merkez Sanat\u00e7\u0131s\u0131 Alperen Kekilli, sevilen eserlerini seslendirdi. &#8220;T\u00fcrk\u2019\u00fcn Ezgileri&#8221; adl\u0131 konser program\u0131nda salonu dolduran davetliler, eserlere co\u015fkuyla e\u015flik etti.<br \/>\n<br \/>Gecenin a\u00e7\u0131l\u0131\u015f konu\u015fmas\u0131n\u0131 \u00dclk\u00fc Ocaklar\u0131 K\u00fctahya \u0130l Ba\u015fkan\u0131 \u0130lker B\u00fckni yapt\u0131. B\u00fckni, her hafta d\u00fczenledikleri Kur\u2019an-\u0131 Kerim tilavetleri ve Ocak S\u00f6yle\u015fileri ile milli ve manevi de\u011ferler etraf\u0131nda hem\u015fehrileriyle bir araya geldiklerini ifade etti. Bu haftaki program\u0131 ise daha geni\u015f kat\u0131l\u0131ml\u0131 bir k\u00fclt\u00fcr bulu\u015fmas\u0131 olarak planlad\u0131klar\u0131n\u0131 belirtti. B\u00fckni, &#8220;E\u011fitimde, k\u00fclt\u00fcrde, sanat ve teknolojide yapt\u0131\u011f\u0131m\u0131z \u00e7al\u0131\u015fmalar\u0131 halk\u0131m\u0131zla payla\u015fmak istedik. Bizler, rahmetli Ba\u015fbu\u011fumuz Alparslan T\u00fcrke\u015f\u2019in izinde, Liderimiz Say\u0131n Devlet Bah\u00e7eli beyefendinin emrinde; T\u00fcrk y\u00fczy\u0131l\u0131nda g\u00fc\u00e7l\u00fc bir T\u00fcrkiye\u2019yi in\u015fa edecek imanl\u0131, ahlakl\u0131, ideal sahibi \u00fclk\u00fcc\u00fc T\u00fcrk gen\u00e7li\u011fini yeti\u015ftirmeye devam edece\u011fiz&#8221; s\u00f6zleriyle konu\u015fmas\u0131n\u0131 tamamlad\u0131.<br \/>\n<br \/>Programa; MHP K\u00fctahya \u0130l Ba\u015fkan\u0131 Sel\u00e7uk Al\u0131\u00e7, \u00e7evre illerin \u00dclk\u00fc Ocaklar\u0131 il ba\u015fkanlar\u0131, MHP il\u00e7e ba\u015fkanlar\u0131, KA\u00c7EP y\u00f6neticileri, belediye ve il genel meclis \u00fcyeleri, T\u00fcrkiye Kamu-Sen\u2019e ba\u011fl\u0131 sendika temsilcileri, K\u00fctahya K\u00fclt\u00fcr ve Turizm \u0130l M\u00fcd\u00fcr\u00fc Zekeriya \u00dcnal, T\u00dcRKAV K\u00fctahya \u015eube Ba\u015fkan\u0131 \u00dcnal T\u00fcre, \u00e7ok say\u0131da STK temsilcisi, muhtarlar ve vatanda\u015flar kat\u0131ld\u0131. Yo\u011fun kat\u0131l\u0131mla ger\u00e7ekle\u015fen program, hem tarihi hem k\u00fclt\u00fcrel y\u00f6n\u00fcyle davetliler taraf\u0131ndan b\u00fcy\u00fck ilgi g\u00f6rd\u00fc.<br \/><\/p>\n","protected":false},"excerpt":{"rendered":"<p>\u00dclk\u00fc Ocaklar\u0131 E\u011fitim ve K\u00fclt\u00fcr Vakf\u0131 K\u00fctahya \u0130l Ba\u015fkanl\u0131\u011f\u0131, Vahit Pa\u015fa Yazma Eserler K\u00fct\u00fcphanesi\u2019nin konferans salonunda anlaml\u0131 bir programa ev sahipli\u011fi yapt\u0131. K\u00fctahya Germiyan Ata Sporlar\u0131 Kul\u00fcb\u00fc i\u015f birli\u011fiyle d\u00fczenlenen gecede, Sel\u00e7uklu tarihi ve genel T\u00fcrk tarihi alan\u0131nda \u00f6nemli \u00e7al\u0131\u015fmalara imza atan Dokuz Eyl\u00fcl \u00dcniversitesi \u00d6\u011fretim \u00dcyesi Prof. Dr. Erkan G\u00f6ksu, &#8220;T\u00fcrk\u2019\u00fcn Tarihi&#8221; ba\u015fl\u0131kl\u0131 konferans\u0131yla&#8230;<\/p>\n","protected":false},"author":1,"featured_media":71145,"comment_status":"open","ping_status":"open","sticky":false,"template":"","format":"standard","meta":{"_crdt_document":"","footnotes":""},"categories":[1],"tags":[],"class_list":["post-71144","post","type-post","status-publish","format-standard","has-post-thumbnail","hentry","category-guncel"],"_links":{"self":[{"href":"https:\/\/www.egemtv.com\/index.php?rest_route=\/wp\/v2\/posts\/71144","targetHints":{"allow":["GET"]}}],"collection":[{"href":"https:\/\/www.egemtv.com\/index.php?rest_route=\/wp\/v2\/posts"}],"about":[{"href":"https:\/\/www.egemtv.com\/index.php?rest_route=\/wp\/v2\/types\/post"}],"author":[{"embeddable":true,"href":"https:\/\/www.egemtv.com\/index.php?rest_route=\/wp\/v2\/users\/1"}],"replies":[{"embeddable":true,"href":"https:\/\/www.egemtv.com\/index.php?rest_route=%2Fwp%2Fv2%2Fcomments&post=71144"}],"version-history":[{"count":1,"href":"https:\/\/www.egemtv.com\/index.php?rest_route=\/wp\/v2\/posts\/71144\/revisions"}],"predecessor-version":[{"id":71146,"href":"https:\/\/www.egemtv.com\/index.php?rest_route=\/wp\/v2\/posts\/71144\/revisions\/71146"}],"wp:featuredmedia":[{"embeddable":true,"href":"https:\/\/www.egemtv.com\/index.php?rest_route=\/wp\/v2\/media\/71145"}],"wp:attachment":[{"href":"https:\/\/www.egemtv.com\/index.php?rest_route=%2Fwp%2Fv2%2Fmedia&parent=71144"}],"wp:term":[{"taxonomy":"category","embeddable":true,"href":"https:\/\/www.egemtv.com\/index.php?rest_route=%2Fwp%2Fv2%2Fcategories&post=71144"},{"taxonomy":"post_tag","embeddable":true,"href":"https:\/\/www.egemtv.com\/index.php?rest_route=%2Fwp%2Fv2%2Ftags&post=71144"}],"curies":[{"name":"wp","href":"https:\/\/api.w.org\/{rel}","templated":true}]}}