{"id":71138,"date":"2025-11-30T14:34:52","date_gmt":"2025-11-30T11:34:52","guid":{"rendered":"https:\/\/www.egemtv.com\/?p=71138"},"modified":"2025-11-30T14:34:53","modified_gmt":"2025-11-30T11:34:53","slug":"7-defa-olumden-dondu-hayat-mucadelesinden-vazgecmedi","status":"publish","type":"post","link":"https:\/\/www.egemtv.com\/?p=71138","title":{"rendered":"7 defa \u00f6l\u00fcmden d\u00f6nd\u00fc, hayat m\u00fccadelesinden vazge\u00e7medi"},"content":{"rendered":"<p>Mu\u011fla\u2019n\u0131n Marmaris il\u00e7esinde ya\u015fayan 47 ya\u015f\u0131ndaki Mehmet \u00d6vet \u00e7ocuklu\u011fundan bu yana ge\u00e7irdi\u011fi b\u00fcy\u00fckl\u00fc k\u00fc\u00e7\u00fckl\u00fc onlarca kaza sebebiyle \u00e7evresinde, &#8220;Kedi gibi 9 canl\u0131 adam&#8221; olarak an\u0131l\u0131yor. Kafatas\u0131nda ve g\u00f6\u011f\u00fcs kafesindeki ezikler ve kas\u0131klar\u0131ndaki 5 domdom kur\u015funuyla hayat\u0131n\u0131 s\u00fcrd\u00fcren \u00d6vet, her \u015feye ra\u011fmen kendisini &#8220;talihsiz&#8221; de\u011fil &#8220;\u015fansl\u0131&#8221; olarak tan\u0131ml\u0131yor.<br \/>\n<br \/>\u0130ki k\u0131z evlat babas\u0131 Marmarisli Mehmet \u00d6vet, \u00f6l\u00fcmle ilk kez 7 ya\u015f\u0131ndayken iki defa burun buruna geldi\u011fini anlat\u0131rken, &#8220;7-8 ya\u015flar\u0131ndayd\u0131m Yat Liman\u0131\u2019nda Rodos\u2019tan gelen gemilerin alt\u0131na dalard\u0131k. 9 metre derinli\u011finde teknenin paletlerine yap\u0131\u015fan midye kabuklar\u0131 v\u00fccudumun de\u011fi\u015fik yerlerini kesti, kalbim durdu. 9 metre derinden vatanda\u015flar kurtard\u0131, orada bulunan doktor kalbimi yeniden \u00e7al\u0131\u015ft\u0131rd\u0131 ben de o \u015fokla oradan hemen ka\u00e7t\u0131m&#8221; dedi.<br \/>\n<br \/>Yine ayn\u0131 ya\u015flarda ailesinin oturdu\u011fu evin 7 metrelik y\u00fckseklikteki korkuluklar\u0131 olmayan teras\u0131nda oynarken dengesini kaybedip kafa \u00fcst\u00fc yere \u00e7ak\u0131ld\u0131\u011f\u0131n\u0131 s\u00f6yleyen \u00d6vet, kald\u0131r\u0131ld\u0131\u011f\u0131 hastanenin yo\u011fun bak\u0131m\u0131nda 4 g\u00fcn sonra g\u00f6zlerini a\u00e7t\u0131\u011f\u0131n\u0131 ifade etti.<\/p>\n<p>Elektrik ak\u0131m\u0131na kap\u0131ld\u0131, \u00e7anak anten takarken beton zemine kafa \u00fcst\u00fc \u00e7ak\u0131ld\u0131<br \/>\n<br \/>\u0130lkokuldan sonra e\u011fitimine devam etmeyip, bir elektrik firmas\u0131nda i\u015fe ba\u015flad\u0131\u011f\u0131n\u0131 belirten Mehmet \u00d6vet, 1991\u2019de asans\u00f6r\u00fcn elektronik aksam\u0131n\u0131 tamir etmeye \u00e7al\u0131\u015f\u0131rken, elektrik ak\u0131m\u0131na kap\u0131ld\u0131. Apar topar topra\u011fa yat\u0131r\u0131lmas\u0131na ra\u011fmen hayati fonksiyonlar\u0131n\u0131 yitiren gen\u00e7 adam\u0131n kalbini yine \u00e7al\u0131\u015ft\u0131rmay\u0131 ba\u015faran doktorlar, bir defa daha onu hayata d\u00f6nd\u00fcrd\u00fc. \u00d6vet, &#8220;\u00d6ld\u00fcm sand\u0131lar sonra hareket edince hepsi korkup ka\u00e7t\u0131lar&#8221; diyerek kahkahalar i\u00e7inde ba\u015f\u0131na gelen olaylar\u0131 anlatt\u0131.<br \/>\n<br \/>\u0130yile\u015ftikten sonra elektronik sekt\u00f6r\u00fcnde e\u011fitimler alan \u00d6vet, kapal\u0131 \u00e7ar\u015f\u0131 i\u00e7inde bir apartmanda \u00e7anak anten takmaya \u00e7al\u0131\u015f\u0131rken dengesini kaybedip 9 metreden beton zemine y\u00fcz\u00fcst\u00fc d\u00fc\u015ft\u00fc. Tedavisi sonras\u0131 tekrar i\u015finin ba\u015f\u0131na d\u00f6nd\u00fc. 11 ay sonra yine Kordon Caddesi\u2019nde bir apartman\u0131n teras\u0131nda \u00e7anak anten takarken \u00e7\u00fcr\u00fcm\u00fc\u015f korkulu\u011fun k\u0131r\u0131lmas\u0131yla 3 katl\u0131 apartmandan \u00f6nce alt katta bir i\u015f yerinin tentesinin \u00fczerine, ard\u0131ndan kald\u0131r\u0131ma kafa \u00fcst\u00fc \u00e7ak\u0131ld\u0131. V\u00fccudundaki k\u0131r\u0131klar\u0131n iyile\u015fmesinin ard\u0131ndan taburcu olarak i\u015fine geri d\u00f6nen \u00d6vet, iki y\u0131l sonra elektronik bir cihaz\u0131 kontrol ederken elektrik ak\u0131m\u0131na kap\u0131ld\u0131. Eleman\u0131n\u0131n yard\u0131m\u0131yla ak\u0131mdan kurtulan \u00d6vet, k\u0131sa s\u00fcren tedavi ard\u0131ndan kald\u0131\u011f\u0131 yerden hayat\u0131na devam etti.<\/p>\n<p>\u0130\u015f kazalar\u0131, trafik kazalar\u0131 yetmedi kur\u015funlar da isabet etti<br \/>\n<br \/>Bir\u00e7ok trafik kazas\u0131 ve i\u015f kazas\u0131 ge\u00e7irmesinin ard\u0131ndan Mehmet \u00d6vet, bu kez 2008\u2019de \u00f6\u011fle yeme\u011fi sipari\u015fi verdi\u011fi k\u00f6ftecinin tart\u0131\u015ft\u0131\u011f\u0131 ustas\u0131 taraf\u0131ndan pompal\u0131 t\u00fcfekle vuruldu. V\u00fccuduna 15 domdom kur\u015funu isabet eden \u00d6vet\u2019in duran hayati fonksiyonlar\u0131 bir kere daha \u00e7al\u0131\u015ft\u0131r\u0131ld\u0131, 60 g\u00fcn \u00f6zel bir hastanenin yo\u011fun bak\u0131m\u0131nda kald\u0131. Ge\u00e7irdi\u011fi ameliyatlarda v\u00fccudundan 10 kur\u015fun \u00e7\u0131kar\u0131ld\u0131 ama kas\u0131klar\u0131nda kalan 5 domdom kur\u015funuyla \u00f6m\u00fcr boyu birlikte ya\u015famak zorunda kald\u0131\u011f\u0131n\u0131 ifade etti.<\/p>\n<p>Defalarca \u00f6l\u00fcmden d\u00f6nd\u00fc<br \/>\n<br \/>Hayat\u0131 boyunca s\u00fcrekli ba\u015f\u0131na gelen talihsizlikler nedeniyle \u00f6l\u00fcmden d\u00f6nen Mehmet \u00d6vet, 2014 y\u0131l\u0131nda i\u015finden evine d\u00f6nerken motosikletine Yeni Dat\u00e7a Yolu Mola Kent mevkiinde 110 kilometre h\u0131zla giden l\u00fcks bir yolcu transfer minib\u00fcs\u00fc arkadan \u00e7arpt\u0131. Akci\u011ferlerinde hasar, v\u00fccudunun de\u011fi\u015fik yerlerinde k\u0131r\u0131klar, beyninde  \u00f6dem olu\u015fan, ba\u011f\u0131rsa\u011f\u0131 ameliyatla al\u0131nan, yine hayati fonksiyonlar\u0131n\u0131 yitiren talihsiz elektronik\u00e7iyi sa\u011fl\u0131k g\u00f6revlileri bir kez daha ya\u015fama geri \u00e7evirdi. Yat\u0131r\u0131ld\u0131\u011f\u0131 yo\u011fun bak\u0131m \u00fcnitesinde 78. g\u00fcn sonra 7\u2019nci kez hayata g\u00f6zlerini a\u00e7an \u00d6vet, bu kazan\u0131n ard\u0131ndan &#8220;y\u00fczde 79 engelli&#8221; raporu alarak malulen emekli oldu.<br \/>\n<br \/>Ge\u00e7irdi\u011fi kazalar ve talihsizliklerin ard\u0131ndan hem i\u015fini hem sa\u011fl\u0131\u011f\u0131n\u0131 kaybedip d\u00fckkan\u0131n\u0131 kapatarak sahilde m\u0131s\u0131r tezgah\u0131 \u00e7al\u0131\u015ft\u0131ran Mehmet \u00d6vet, motosikleti ile Marmaris barlar soka\u011f\u0131ndaki azma\u011fa u\u00e7tu\u011funu, en son da 70 kilometre h\u0131zla gelen bir motorun \u00e7arpmas\u0131yla koluna 8 diki\u015f at\u0131ld\u0131\u011f\u0131n\u0131 s\u00f6yledi.<br \/>\n<br \/>\u00c7evresindekilerin &#8220;Hala \u00f6lmedin mi sen, bu ka\u00e7\u0131nc\u0131 kaza&#8221; diye kendisine tak\u0131ld\u0131klar\u0131n\u0131 da belirten Mehmet \u00d6vet, &#8220;Ya\u015fad\u0131klar\u0131m\u0131 talihsizlik de\u011fil \u015fans olarak d\u00fc\u015f\u00fcn\u00fcyorum. Hala hayattay\u0131m ya\u015f\u0131yorum demek ki daha nasibimizde yiyecek ekme\u011fimiz varm\u0131\u015f&#8221; dedi.<br \/><\/p>\n","protected":false},"excerpt":{"rendered":"<p>Mu\u011fla\u2019n\u0131n Marmaris il\u00e7esinde ya\u015fayan 47 ya\u015f\u0131ndaki Mehmet \u00d6vet \u00e7ocuklu\u011fundan bu yana ge\u00e7irdi\u011fi b\u00fcy\u00fckl\u00fc k\u00fc\u00e7\u00fckl\u00fc onlarca kaza sebebiyle \u00e7evresinde, &#8220;Kedi gibi 9 canl\u0131 adam&#8221; olarak an\u0131l\u0131yor. Kafatas\u0131nda ve g\u00f6\u011f\u00fcs kafesindeki ezikler ve kas\u0131klar\u0131ndaki 5 domdom kur\u015funuyla hayat\u0131n\u0131 s\u00fcrd\u00fcren \u00d6vet, her \u015feye ra\u011fmen kendisini &#8220;talihsiz&#8221; de\u011fil &#8220;\u015fansl\u0131&#8221; olarak tan\u0131ml\u0131yor. \u0130ki k\u0131z evlat babas\u0131 Marmarisli Mehmet \u00d6vet, \u00f6l\u00fcmle&#8230;<\/p>\n","protected":false},"author":1,"featured_media":71139,"comment_status":"open","ping_status":"open","sticky":false,"template":"","format":"standard","meta":{"_crdt_document":"","footnotes":""},"categories":[123],"tags":[],"class_list":["post-71138","post","type-post","status-publish","format-standard","has-post-thumbnail","hentry","category-gundem"],"_links":{"self":[{"href":"https:\/\/www.egemtv.com\/index.php?rest_route=\/wp\/v2\/posts\/71138","targetHints":{"allow":["GET"]}}],"collection":[{"href":"https:\/\/www.egemtv.com\/index.php?rest_route=\/wp\/v2\/posts"}],"about":[{"href":"https:\/\/www.egemtv.com\/index.php?rest_route=\/wp\/v2\/types\/post"}],"author":[{"embeddable":true,"href":"https:\/\/www.egemtv.com\/index.php?rest_route=\/wp\/v2\/users\/1"}],"replies":[{"embeddable":true,"href":"https:\/\/www.egemtv.com\/index.php?rest_route=%2Fwp%2Fv2%2Fcomments&post=71138"}],"version-history":[{"count":1,"href":"https:\/\/www.egemtv.com\/index.php?rest_route=\/wp\/v2\/posts\/71138\/revisions"}],"predecessor-version":[{"id":71140,"href":"https:\/\/www.egemtv.com\/index.php?rest_route=\/wp\/v2\/posts\/71138\/revisions\/71140"}],"wp:featuredmedia":[{"embeddable":true,"href":"https:\/\/www.egemtv.com\/index.php?rest_route=\/wp\/v2\/media\/71139"}],"wp:attachment":[{"href":"https:\/\/www.egemtv.com\/index.php?rest_route=%2Fwp%2Fv2%2Fmedia&parent=71138"}],"wp:term":[{"taxonomy":"category","embeddable":true,"href":"https:\/\/www.egemtv.com\/index.php?rest_route=%2Fwp%2Fv2%2Fcategories&post=71138"},{"taxonomy":"post_tag","embeddable":true,"href":"https:\/\/www.egemtv.com\/index.php?rest_route=%2Fwp%2Fv2%2Ftags&post=71138"}],"curies":[{"name":"wp","href":"https:\/\/api.w.org\/{rel}","templated":true}]}}