{"id":71135,"date":"2025-11-30T14:34:51","date_gmt":"2025-11-30T11:34:51","guid":{"rendered":"https:\/\/www.egemtv.com\/?p=71135"},"modified":"2025-11-30T14:34:52","modified_gmt":"2025-11-30T11:34:52","slug":"aydinda-alt-gecitte-arac-yangini","status":"publish","type":"post","link":"https:\/\/www.egemtv.com\/?p=71135","title":{"rendered":"Ayd\u0131n\u2019da alt ge\u00e7itte ara\u00e7 yang\u0131n\u0131"},"content":{"rendered":"<p>Ayd\u0131n-Denizli karayolu Efeler il\u00e7esinde bulunan alt ge\u00e7itte bir ara\u00e7ta \u00e7\u0131kan yang\u0131n pani\u011fe neden olurken. alevler itfaiye ekiplerinin h\u0131zl\u0131 m\u00fcdahalesiyle s\u00f6nd\u00fcr\u00fcld\u00fc.<br \/>\n<br \/>Yang\u0131n, Ayd\u0131n-Denizli karayolu \u00fczerinde bulunan 15 Temmuz Demokrasi Kav\u015fa\u011f\u0131\u2019ndaki alt ge\u00e7itte \u00f6\u011fle saatlerinde meydana geldi. Edinilen bilgiye g\u00f6re, A.T. idaresindeki 35 ZPA 88 plakal\u0131 Fiat marka otomobilin motor k\u0131sm\u0131nda hen\u00fcz bilinmeyen bir nedenle yang\u0131n \u00e7\u0131kt\u0131. Arac\u0131n \u00f6n k\u0131sm\u0131ndan \u00e7\u0131kan dumanlar\u0131 fark eden s\u00fcr\u00fcc\u00fc, otomobili durdurarak ara\u00e7tan inip durumu 112 Acil \u00c7a\u011fr\u0131 Merkezi\u2019ne bildirdi. \u0130hbar \u00fczerine b\u00f6lgeye itfaiye ve polis ekipleri sevk edildi. Ayd\u0131n B\u00fcy\u00fck\u015fehir Belediyesi \u0130tfaiye Daire Ba\u015fkanl\u0131\u011f\u0131 ekipleri yang\u0131na m\u00fcdahale etti. Polis ekipleri de alt ge\u00e7idin bir b\u00f6l\u00fcm\u00fcn\u00fc trafi\u011fe kapatt\u0131. \u0130tfaiye ekiplerinin h\u0131zl\u0131 m\u00fcdahalesi sonucu yang\u0131n b\u00fcy\u00fcmeden s\u00f6nd\u00fcr\u00fcld\u00fc. Yang\u0131nda ara\u00e7ta maddi hasar meydana gelirken, arac\u0131n \u00e7ekici marifeti ile b\u00f6lgeden kald\u0131r\u0131lmas\u0131 ile yol yeniden trafi\u011fe a\u00e7\u0131ld\u0131.<br \/>\n<br \/>Olayla ilgili soru\u015fturma s\u00fcr\u00fcyor.<br \/><\/p>\n","protected":false},"excerpt":{"rendered":"<p>Ayd\u0131n-Denizli karayolu Efeler il\u00e7esinde bulunan alt ge\u00e7itte bir ara\u00e7ta \u00e7\u0131kan yang\u0131n pani\u011fe neden olurken. alevler itfaiye ekiplerinin h\u0131zl\u0131 m\u00fcdahalesiyle s\u00f6nd\u00fcr\u00fcld\u00fc. Yang\u0131n, Ayd\u0131n-Denizli karayolu \u00fczerinde bulunan 15 Temmuz Demokrasi Kav\u015fa\u011f\u0131\u2019ndaki alt ge\u00e7itte \u00f6\u011fle saatlerinde meydana geldi. Edinilen bilgiye g\u00f6re, A.T. idaresindeki 35 ZPA 88 plakal\u0131 Fiat marka otomobilin motor k\u0131sm\u0131nda hen\u00fcz bilinmeyen bir nedenle yang\u0131n \u00e7\u0131kt\u0131&#8230;.<\/p>\n","protected":false},"author":1,"featured_media":71136,"comment_status":"open","ping_status":"open","sticky":false,"template":"","format":"standard","meta":{"_crdt_document":"","footnotes":""},"categories":[5],"tags":[],"class_list":["post-71135","post","type-post","status-publish","format-standard","has-post-thumbnail","hentry","category-asayis"],"_links":{"self":[{"href":"https:\/\/www.egemtv.com\/index.php?rest_route=\/wp\/v2\/posts\/71135","targetHints":{"allow":["GET"]}}],"collection":[{"href":"https:\/\/www.egemtv.com\/index.php?rest_route=\/wp\/v2\/posts"}],"about":[{"href":"https:\/\/www.egemtv.com\/index.php?rest_route=\/wp\/v2\/types\/post"}],"author":[{"embeddable":true,"href":"https:\/\/www.egemtv.com\/index.php?rest_route=\/wp\/v2\/users\/1"}],"replies":[{"embeddable":true,"href":"https:\/\/www.egemtv.com\/index.php?rest_route=%2Fwp%2Fv2%2Fcomments&post=71135"}],"version-history":[{"count":1,"href":"https:\/\/www.egemtv.com\/index.php?rest_route=\/wp\/v2\/posts\/71135\/revisions"}],"predecessor-version":[{"id":71137,"href":"https:\/\/www.egemtv.com\/index.php?rest_route=\/wp\/v2\/posts\/71135\/revisions\/71137"}],"wp:featuredmedia":[{"embeddable":true,"href":"https:\/\/www.egemtv.com\/index.php?rest_route=\/wp\/v2\/media\/71136"}],"wp:attachment":[{"href":"https:\/\/www.egemtv.com\/index.php?rest_route=%2Fwp%2Fv2%2Fmedia&parent=71135"}],"wp:term":[{"taxonomy":"category","embeddable":true,"href":"https:\/\/www.egemtv.com\/index.php?rest_route=%2Fwp%2Fv2%2Fcategories&post=71135"},{"taxonomy":"post_tag","embeddable":true,"href":"https:\/\/www.egemtv.com\/index.php?rest_route=%2Fwp%2Fv2%2Ftags&post=71135"}],"curies":[{"name":"wp","href":"https:\/\/api.w.org\/{rel}","templated":true}]}}