{"id":71129,"date":"2025-11-30T13:55:48","date_gmt":"2025-11-30T10:55:48","guid":{"rendered":"https:\/\/www.egemtv.com\/?p=71129"},"modified":"2025-11-30T13:55:48","modified_gmt":"2025-11-30T10:55:48","slug":"kasapoglu-bu-komisyon-bir-masabasi-komisyonu-degil","status":"publish","type":"post","link":"https:\/\/www.egemtv.com\/?p=71129","title":{"rendered":"Kasapo\u011flu: &#8220;Bu komisyon bir masaba\u015f\u0131 komisyonu de\u011fil&#8221;"},"content":{"rendered":"<p>MAN\u0130SA (\u0130HA) \u2013 TBMM Engelli Bireylerin Sorunlar\u0131n\u0131 Ara\u015ft\u0131rma Komisyonu Ba\u015fkan\u0131 Dr. Mehmet Muharrem Kasapo\u011flu, komisyon \u00e7al\u0131\u015fmalar\u0131n\u0131n masaba\u015f\u0131nda de\u011fil sahada y\u00fcr\u00fct\u00fcld\u00fc\u011f\u00fcn\u00fc belirterek, &#8220;Her zaman ifade etti\u011fimiz bir iddiam\u0131z var; bu komisyon sahada birebir temaslarla konunun en net foto\u011fraf\u0131n\u0131 \u00e7ekmeye \u00e7al\u0131\u015f\u0131yor&#8221; dedi.<br \/>\n<br \/>T\u00fcrkiye B\u00fcy\u00fck Millet Meclisi Engelli Bireylerin Sorunlar\u0131n\u0131 Ara\u015ft\u0131rma Komisyonu Ba\u015fkan\u0131 ve \u0130zmir Milletvekili Dr. Mehmet Muharrem Kasapo\u011flu ve beraberindeki komisyon \u00fcyeleri, Manisa Organize Sanayi B\u00f6lgesi taraf\u0131ndan engelli bireylerin sosyal uyumunu ve istihdam\u0131n\u0131 desteklemek amac\u0131yla hayata ge\u00e7irilen ZEK\u0130 Ya\u015fam Merkezi\u2019nde incelemelerde bulundu. Ziyarette komisyon \u00fcyeleri merkezdeki korumal\u0131 i\u015f yerlerini gezerek engelli bireylerle bir araya geldi, yap\u0131lan \u00e7al\u0131\u015fmalar\u0131 yerinde inceledi. Manisa OSB B\u00f6lge M\u00fcd\u00fcr\u00fc Funda Karaboran, merkezin i\u015fleyi\u015fi ve y\u00fcr\u00fct\u00fclen projeler hakk\u0131nda komisyon \u00fcyelerine bilgi verdi. Ziyaretin ard\u0131ndan a\u00e7\u0131klamalarda bulunan Komisyon Ba\u015fkan\u0131 Dr. Mehmet Muharrem Kasapo\u011flu, komisyonun \u00e7al\u0131\u015fmalar\u0131n\u0131n sahada y\u00fcr\u00fct\u00fcld\u00fc\u011f\u00fcn\u00fc belirterek ZEK\u0130 Ya\u015fam Merkezi\u2019nin T\u00fcrkiye genelinde \u00f6rnek bir model oldu\u011funu vurgulad\u0131. Kasapo\u011flu a\u00e7\u0131klamas\u0131nda \u015funlar\u0131 s\u00f6yledi:<br \/>\n<br \/>&#8220;T\u00fcrkiye B\u00fcy\u00fck Millet Meclisi Engelli Bireyleri Sorunlar\u0131 Ara\u015ft\u0131rma Komisyonu olarak her zaman ifade etti\u011fimiz bir iddiam\u0131z var. Bu komisyon bir masaba\u015f\u0131 komisyon de\u011fil. Sahada, birebir temaslarla konunun en net foto\u011fraf\u0131n\u0131 \u00e7ekmeye \u00e7al\u0131\u015f\u0131yoruz. Bu \u00e7er\u00e7evede bug\u00fcn Manisa\u2019da uygulama \u00f6rneklerinin takibi ve sivil toplumun taleplerini dinlemek ad\u0131na kapsaml\u0131 bir program ger\u00e7ekle\u015ftiriyoruz. Yar\u0131n da \u0130zmir\u2019de Ege B\u00f6lgesi\u2019ndeki 8 ilimizi kapsayan yo\u011fun bir \u00e7al\u0131\u015fmam\u0131z olacak. Bug\u00fcn ise Manisa OSB\u2019de \u00e7ok \u00f6zel bir uygulama \u00f6rne\u011fini hep birlikte ziyaret ettik. ZEK\u0130 Ya\u015fam Merkezi, bireylerimizin ya\u015fam\u0131n merkezinde ba\u011f\u0131ms\u0131z \u015fekilde yer almas\u0131n\u0131 \u00f6nceleyen bir alan. Bu \u00f6zel projede eme\u011fi ge\u00e7en herkesi tebrik ediyorum. \u0130yi uygulama \u00f6rneklerinin yayg\u0131nla\u015ft\u0131r\u0131lmas\u0131 noktas\u0131nda ZEK\u0130 Ya\u015fam Merkezi\u2019nin t\u00fcm OSB\u2019ler i\u00e7in \u00f6nemli bir model oldu\u011funu g\u00f6rd\u00fck. Komisyon olarak bu modelin yayg\u0131nla\u015ft\u0131r\u0131lmas\u0131 ad\u0131na gereken iradeyi ortaya koyaca\u011f\u0131z. Amac\u0131m\u0131z, bireylerimizin e\u011fitimden istihdama, spordan k\u00fclt\u00fcre kadar her alanda ba\u011f\u0131ms\u0131z \u015fekilde var olabilmesi. Bu merkez bunu ba\u015farm\u0131\u015f durumda. Organize sanayinin, yerel y\u00f6netimlerin, y\u00f6neticilerin ve \u00f6zel sekt\u00f6r\u00fcn eme\u011fi \u00e7ok b\u00fcy\u00fck. Bu ad\u0131mlar b\u00fcy\u00fcd\u00fck\u00e7e \u00fclkemizin eri\u015filebilirlik standartlar\u0131n\u0131 da daha yukar\u0131 ta\u015f\u0131yaca\u011f\u0131z. Engelsiz vizyon do\u011frultusunda bunun sadece bir kurumun de\u011fil, 86 milyonun ortak sorumlulu\u011fu oldu\u011funu d\u00fc\u015f\u00fcn\u00fcyoruz. Burada bu bilincin g\u00fc\u00e7l\u00fc \u015fekilde var oldu\u011funu g\u00f6rd\u00fck. Sanayicisinden \u00f6\u011fretmenine kadar herkesin hassasiyeti \u00e7ok k\u0131ymetli. Bu vesileyle Manisa OSB y\u00f6netimini, Valimizi, sekt\u00f6r temsilcilerini ve giri\u015fimcileri tebrik ediyorum. Manisa\u2019n\u0131n bu konudaki \u00f6nc\u00fcl\u00fc\u011f\u00fc ayr\u0131 bir mutluluk. \u0130n\u015fallah bu s\u00fcreci hep birlikte daha yukar\u0131lara ta\u015f\u0131r\u0131z&#8221; dedi.<br \/>\n<br \/>Ziyaretin sonunda komisyon \u00fcyeleri engelli bireylerle birlikte toplu foto\u011fraf \u00e7ektirdi. Programa Manisa Valisi Vahdettin \u00d6zkan, Manisa Gen\u00e7lik ve Spor \u0130l M\u00fcd\u00fcr\u00fc Yunus \u00d6zt\u00fcrk, Manisa Aile ve Sosyal Hizmetler \u0130l M\u00fcd\u00fcr Vekili Mustafa K\u0131l\u0131\u00e7 ve AK Parti Manisa \u0130l Ba\u015fkan\u0131 S\u00fcleyman Turgut da kat\u0131ld\u0131.<br \/>\n<br \/>Ard\u0131ndan programlar\u0131n\u0131 s\u00fcrd\u00fcren heyet, Manisa Valili\u011fine ge\u00e7erek Vali Vahdettin \u00d6zkan\u2019\u0131 makam\u0131nda ziyaret etti. Dr. Mehmet Muharrem Kasapo\u011flu ba\u015fkanl\u0131\u011f\u0131ndaki komisyon \u00fcyeleri, valilikte y\u00fcr\u00fct\u00fclen \u00e7al\u0131\u015fmalar ve b\u00f6lgesel de\u011ferlendirmeler \u00fczerine g\u00f6r\u00fc\u015f al\u0131\u015fveri\u015finde bulundu.<br \/><\/p>\n","protected":false},"excerpt":{"rendered":"<p>MAN\u0130SA (\u0130HA) \u2013 TBMM Engelli Bireylerin Sorunlar\u0131n\u0131 Ara\u015ft\u0131rma Komisyonu Ba\u015fkan\u0131 Dr. Mehmet Muharrem Kasapo\u011flu, komisyon \u00e7al\u0131\u015fmalar\u0131n\u0131n masaba\u015f\u0131nda de\u011fil sahada y\u00fcr\u00fct\u00fcld\u00fc\u011f\u00fcn\u00fc belirterek, &#8220;Her zaman ifade etti\u011fimiz bir iddiam\u0131z var; bu komisyon sahada birebir temaslarla konunun en net foto\u011fraf\u0131n\u0131 \u00e7ekmeye \u00e7al\u0131\u015f\u0131yor&#8221; dedi. T\u00fcrkiye B\u00fcy\u00fck Millet Meclisi Engelli Bireylerin Sorunlar\u0131n\u0131 Ara\u015ft\u0131rma Komisyonu Ba\u015fkan\u0131 ve \u0130zmir Milletvekili Dr. Mehmet&#8230;<\/p>\n","protected":false},"author":1,"featured_media":71130,"comment_status":"open","ping_status":"open","sticky":false,"template":"","format":"standard","meta":{"_crdt_document":"","footnotes":""},"categories":[123],"tags":[],"class_list":["post-71129","post","type-post","status-publish","format-standard","has-post-thumbnail","hentry","category-gundem"],"_links":{"self":[{"href":"https:\/\/www.egemtv.com\/index.php?rest_route=\/wp\/v2\/posts\/71129","targetHints":{"allow":["GET"]}}],"collection":[{"href":"https:\/\/www.egemtv.com\/index.php?rest_route=\/wp\/v2\/posts"}],"about":[{"href":"https:\/\/www.egemtv.com\/index.php?rest_route=\/wp\/v2\/types\/post"}],"author":[{"embeddable":true,"href":"https:\/\/www.egemtv.com\/index.php?rest_route=\/wp\/v2\/users\/1"}],"replies":[{"embeddable":true,"href":"https:\/\/www.egemtv.com\/index.php?rest_route=%2Fwp%2Fv2%2Fcomments&post=71129"}],"version-history":[{"count":1,"href":"https:\/\/www.egemtv.com\/index.php?rest_route=\/wp\/v2\/posts\/71129\/revisions"}],"predecessor-version":[{"id":71131,"href":"https:\/\/www.egemtv.com\/index.php?rest_route=\/wp\/v2\/posts\/71129\/revisions\/71131"}],"wp:featuredmedia":[{"embeddable":true,"href":"https:\/\/www.egemtv.com\/index.php?rest_route=\/wp\/v2\/media\/71130"}],"wp:attachment":[{"href":"https:\/\/www.egemtv.com\/index.php?rest_route=%2Fwp%2Fv2%2Fmedia&parent=71129"}],"wp:term":[{"taxonomy":"category","embeddable":true,"href":"https:\/\/www.egemtv.com\/index.php?rest_route=%2Fwp%2Fv2%2Fcategories&post=71129"},{"taxonomy":"post_tag","embeddable":true,"href":"https:\/\/www.egemtv.com\/index.php?rest_route=%2Fwp%2Fv2%2Ftags&post=71129"}],"curies":[{"name":"wp","href":"https:\/\/api.w.org\/{rel}","templated":true}]}}