{"id":71126,"date":"2025-11-30T13:55:47","date_gmt":"2025-11-30T10:55:47","guid":{"rendered":"https:\/\/www.egemtv.com\/?p=71126"},"modified":"2025-11-30T13:55:48","modified_gmt":"2025-11-30T10:55:48","slug":"ak-partili-baybatur-duyurdu","status":"publish","type":"post","link":"https:\/\/www.egemtv.com\/?p=71126","title":{"rendered":"AK Parti\u2019li Baybatur duyurdu:"},"content":{"rendered":"<p>AK Parti Manisa Milletvekili Murat Baybatur, \u0130zmir-Manisa il s\u0131n\u0131r\u0131 ile Akhisar-Bal\u0131kesir s\u0131n\u0131r\u0131 aras\u0131ndaki karayolunda 118 kilometrelik yenileme s\u00fcreci ba\u015flayaca\u011f\u0131n\u0131 duyurdu.<br \/>\n<br \/>AK Parti Manisa Milletvekili Murat Baybatur, \u0130zmir-Manisa il s\u0131n\u0131r\u0131 ile Akhisar-Bal\u0131kesir s\u0131n\u0131r\u0131 aras\u0131ndaki karayolunda kapsaml\u0131 s\u0131cak asfalt onar\u0131m ve standart y\u00fckseltme \u00e7al\u0131\u015fmalar\u0131n\u0131n ba\u015flat\u0131laca\u011f\u0131n\u0131 a\u00e7\u0131klad\u0131.<br \/>\n<br \/>Baybatur, \u0130zmir, Manisa ve Bal\u0131kesir aras\u0131nda \u00f6nemli bir ula\u015f\u0131m aks\u0131 olan hatt\u0131n uzun s\u00fcredir beklenen yenileme s\u00fcrecinin resmen ba\u015flad\u0131\u011f\u0131n\u0131 belirterek, \u00e7al\u0131\u015fmalar\u0131n tamamlanmas\u0131yla Akhisar-Manisa aras\u0131nda ya\u015fanan trafik yo\u011funlu\u011funun b\u00fcy\u00fck \u00f6l\u00e7\u00fcde azalaca\u011f\u0131n\u0131 ifade etti.<br \/>\n<br \/>Milletvekili Baybatur, yol yap\u0131m \u00e7al\u0131\u015fmalar\u0131na ili\u015fkin ihalenin 10 Aral\u0131k\u2019ta ger\u00e7ekle\u015ftirilece\u011fini hat\u0131rlatarak, Ula\u015ft\u0131rma ve Altyap\u0131 Bakanl\u0131\u011f\u0131 taraf\u0131ndan y\u00fcr\u00fct\u00fclecek projeye dair \u015fu bilgileri payla\u015ft\u0131: &#8220;\u0130zmir-Manisa il s\u0131n\u0131r\u0131 ile Akhisar yolu aras\u0131nda y\u0131llard\u0131r yo\u011fun bir trafik ak\u0131\u015f\u0131 var. Hem a\u011f\u0131r tonajl\u0131 ara\u00e7lar\u0131n y\u00fck\u00fc hem de artan g\u00fcnl\u00fck kullan\u0131m, bu hatt\u0131n ciddi \u015fekilde y\u0131pranmas\u0131na neden oldu. \u015eimdi bu g\u00fczerg\u00e2h\u0131 ba\u015ftan a\u015fa\u011f\u0131 yeniliyor, yolun standard\u0131n\u0131 b\u00f6l\u00fcnm\u00fc\u015f yol normlar\u0131nda g\u00fc\u00e7lendiriyoruz. Ayr\u0131ca 118 kilometrelik hatt\u0131n 21 metre platform geni\u015fli\u011fe kavu\u015fmas\u0131, temel, alt temel, binder ve a\u015f\u0131nma tabakalar\u0131n\u0131n yenilenmesiyle birlikte sanat yap\u0131lar\u0131 ve altyap\u0131 iyile\u015ftirmeleri de tamamen elden ge\u00e7irilecek. Bu sadece bir asfalt serimi de\u011fil; altyap\u0131s\u0131, drenaj\u0131 ve t\u00fcm sanat yap\u0131lar\u0131yla \u00e7ok kapsaml\u0131 bir rehabilitasyon \u00e7al\u0131\u015fmas\u0131. B\u00f6ylece yolun zemini g\u00fc\u00e7lenecek, \u00f6mr\u00fc uzayacak ve s\u00fcr\u00fc\u015f g\u00fcvenli\u011fi en \u00fcst seviyeye \u00e7\u0131kacak.&#8221;<br \/>\n<br \/>Baybatur, ihale sonras\u0131 i\u015f takviminin h\u0131zla i\u015fleyece\u011fini belirterek, y\u00fcklenici firman\u0131n 15 g\u00fcn i\u00e7inde sahaya girmesinin planland\u0131\u011f\u0131n\u0131, 650 g\u00fcnl\u00fck bir \u00e7al\u0131\u015fma s\u00fcrecinin sonunda projenin tamamlanaca\u011f\u0131n\u0131 aktard\u0131.<br \/>\n<br \/>Yolun b\u00f6lge i\u00e7in kritik \u00f6nem ta\u015f\u0131d\u0131\u011f\u0131na vurgu yapan Baybatur, s\u00f6zlerini \u015f\u00f6yle s\u00fcrd\u00fcrd\u00fc: &#8220;\u0130zmir-Manisa-Akhisar hatt\u0131 sadece bir kara yolu de\u011fildir. Sanayinin, tar\u0131m\u0131n, ihracat\u0131n ve lojistik ak\u0131\u015f\u0131n kalbi bu g\u00fczergahtan ge\u00e7er. Yap\u0131lacak olan yenileme \u00e7al\u0131\u015fmas\u0131yla Manisa\u2019n\u0131n rekabet g\u00fcc\u00fc artacak; \u00fcreticiye, sanayiciye ve vatanda\u015fa b\u00fcy\u00fck kolayl\u0131k sa\u011flanacak.&#8221;<br \/>\n<br \/>Milletvekili Baybatur, \u015fehir genelindeki yat\u0131r\u0131mlar\u0131n yak\u0131n takip\u00e7isi olduklar\u0131n\u0131 ifade ederek &#8220;Manisa\u2019n\u0131n her kilometresinde i\u015fimizin ba\u015f\u0131nday\u0131z. Hem devletimizin kaynaklar\u0131n\u0131 en do\u011fru \u015fekilde kullanaca\u011f\u0131z hem de Manisa\u2019ya yak\u0131\u015fan hizmetleri bir bir hayata ge\u00e7irece\u011fiz&#8221; dedi.<br \/><\/p>\n","protected":false},"excerpt":{"rendered":"<p>AK Parti Manisa Milletvekili Murat Baybatur, \u0130zmir-Manisa il s\u0131n\u0131r\u0131 ile Akhisar-Bal\u0131kesir s\u0131n\u0131r\u0131 aras\u0131ndaki karayolunda 118 kilometrelik yenileme s\u00fcreci ba\u015flayaca\u011f\u0131n\u0131 duyurdu. AK Parti Manisa Milletvekili Murat Baybatur, \u0130zmir-Manisa il s\u0131n\u0131r\u0131 ile Akhisar-Bal\u0131kesir s\u0131n\u0131r\u0131 aras\u0131ndaki karayolunda kapsaml\u0131 s\u0131cak asfalt onar\u0131m ve standart y\u00fckseltme \u00e7al\u0131\u015fmalar\u0131n\u0131n ba\u015flat\u0131laca\u011f\u0131n\u0131 a\u00e7\u0131klad\u0131. Baybatur, \u0130zmir, Manisa ve Bal\u0131kesir aras\u0131nda \u00f6nemli bir ula\u015f\u0131m aks\u0131 olan&#8230;<\/p>\n","protected":false},"author":1,"featured_media":71127,"comment_status":"open","ping_status":"open","sticky":false,"template":"","format":"standard","meta":{"_crdt_document":"","footnotes":""},"categories":[127],"tags":[],"class_list":["post-71126","post","type-post","status-publish","format-standard","has-post-thumbnail","hentry","category-siyaset"],"_links":{"self":[{"href":"https:\/\/www.egemtv.com\/index.php?rest_route=\/wp\/v2\/posts\/71126","targetHints":{"allow":["GET"]}}],"collection":[{"href":"https:\/\/www.egemtv.com\/index.php?rest_route=\/wp\/v2\/posts"}],"about":[{"href":"https:\/\/www.egemtv.com\/index.php?rest_route=\/wp\/v2\/types\/post"}],"author":[{"embeddable":true,"href":"https:\/\/www.egemtv.com\/index.php?rest_route=\/wp\/v2\/users\/1"}],"replies":[{"embeddable":true,"href":"https:\/\/www.egemtv.com\/index.php?rest_route=%2Fwp%2Fv2%2Fcomments&post=71126"}],"version-history":[{"count":1,"href":"https:\/\/www.egemtv.com\/index.php?rest_route=\/wp\/v2\/posts\/71126\/revisions"}],"predecessor-version":[{"id":71128,"href":"https:\/\/www.egemtv.com\/index.php?rest_route=\/wp\/v2\/posts\/71126\/revisions\/71128"}],"wp:featuredmedia":[{"embeddable":true,"href":"https:\/\/www.egemtv.com\/index.php?rest_route=\/wp\/v2\/media\/71127"}],"wp:attachment":[{"href":"https:\/\/www.egemtv.com\/index.php?rest_route=%2Fwp%2Fv2%2Fmedia&parent=71126"}],"wp:term":[{"taxonomy":"category","embeddable":true,"href":"https:\/\/www.egemtv.com\/index.php?rest_route=%2Fwp%2Fv2%2Fcategories&post=71126"},{"taxonomy":"post_tag","embeddable":true,"href":"https:\/\/www.egemtv.com\/index.php?rest_route=%2Fwp%2Fv2%2Ftags&post=71126"}],"curies":[{"name":"wp","href":"https:\/\/api.w.org\/{rel}","templated":true}]}}