{"id":71123,"date":"2025-11-30T13:15:05","date_gmt":"2025-11-30T10:15:05","guid":{"rendered":"https:\/\/www.egemtv.com\/?p=71123"},"modified":"2025-11-30T13:15:06","modified_gmt":"2025-11-30T10:15:06","slug":"yesil-sultanhisar-icin-agaclandirma-calismalari-suruyor","status":"publish","type":"post","link":"https:\/\/www.egemtv.com\/?p=71123","title":{"rendered":"Ye\u015fil Sultanhisar i\u00e7in a\u011fa\u00e7land\u0131rma \u00e7al\u0131\u015fmalar\u0131 s\u00fcr\u00fcyor"},"content":{"rendered":"<p>Ayd\u0131n\u2019\u0131n Sultanhisar il\u00e7esinde a\u011fa\u00e7land\u0131rma \u00e7al\u0131\u015fmalar\u0131 aral\u0131ks\u0131z s\u00fcrd\u00fcr\u00fcl\u00fcrken, il\u00e7e genelinde y\u00fcr\u00fct\u00fclen \u00e7al\u0131\u015fmalar kapsam\u0131nda do\u011faya nefes olacak fidanlar toprakla bulu\u015fturuluyor.<\/p>\n<p>\u00c7evreye duyarl\u0131 bir anlay\u0131\u015fla hareket edildi\u011fini belirten Sultanhisar Belediye Ba\u015fkan\u0131 Osman Y\u0131ld\u0131r\u0131mkaya, a\u011fa\u00e7land\u0131rma \u00e7al\u0131\u015fmalar\u0131n\u0131n il\u00e7enin d\u00f6rt bir yan\u0131nda \u00f6zveriyle devam etti\u011fini belirtti. Gelecek nesillere daha ya\u015fanabilir bir \u00e7evre b\u0131rakmay\u0131 hedeflediklerini ifade eden Y\u0131ld\u0131r\u0131mkaya bu do\u011frultudaki \u00e7al\u0131\u015fmalar kapsam\u0131nda il\u00e7e genelinde uygun alanlarda fidan dikimi ger\u00e7ekle\u015ftirilirken, ye\u015fil alanlar\u0131n art\u0131r\u0131lmas\u0131na y\u00f6nelik faaliyetlerin planl\u0131 ve programl\u0131 \u015fekilde s\u00fcrd\u00fcr\u00fcld\u00fc\u011f\u00fcn\u00fc ifade etti. Y\u00fcr\u00fct\u00fclen \u00e7al\u0131\u015fmalarla hem \u00e7evre esteti\u011finin g\u00fc\u00e7lendirilmesinin hem de do\u011fal ya\u015fam\u0131n korunmas\u0131n\u0131n hedeflendi\u011fini kaydeden Sultanhisar Belediye Ba\u015fkan\u0131 Osman Y\u0131ld\u0131r\u0131mkaya, &#8220;\u0130l\u00e7emiz genelinde a\u011fa\u00e7land\u0131rma \u00e7al\u0131\u015fmalar\u0131m\u0131z t\u00fcm h\u0131z\u0131yla devam ediyor. Do\u011faya nefes olacak her bir fidan\u0131 toprakla bulu\u015fturmak i\u00e7in \u00f6zveriyle \u00e7al\u0131\u015f\u0131yoruz. Gelecek nesillere daha ya\u015fanabilir bir \u00e7evre b\u0131rakmak i\u00e7in emek veren t\u00fcm ekip arkada\u015flar\u0131ma te\u015fekk\u00fcr ediyorum&#8221; ifadelerini kulland\u0131.<br \/><\/p>\n","protected":false},"excerpt":{"rendered":"<p>Ayd\u0131n\u2019\u0131n Sultanhisar il\u00e7esinde a\u011fa\u00e7land\u0131rma \u00e7al\u0131\u015fmalar\u0131 aral\u0131ks\u0131z s\u00fcrd\u00fcr\u00fcl\u00fcrken, il\u00e7e genelinde y\u00fcr\u00fct\u00fclen \u00e7al\u0131\u015fmalar kapsam\u0131nda do\u011faya nefes olacak fidanlar toprakla bulu\u015fturuluyor. \u00c7evreye duyarl\u0131 bir anlay\u0131\u015fla hareket edildi\u011fini belirten Sultanhisar Belediye Ba\u015fkan\u0131 Osman Y\u0131ld\u0131r\u0131mkaya, a\u011fa\u00e7land\u0131rma \u00e7al\u0131\u015fmalar\u0131n\u0131n il\u00e7enin d\u00f6rt bir yan\u0131nda \u00f6zveriyle devam etti\u011fini belirtti. Gelecek nesillere daha ya\u015fanabilir bir \u00e7evre b\u0131rakmay\u0131 hedeflediklerini ifade eden Y\u0131ld\u0131r\u0131mkaya bu do\u011frultudaki \u00e7al\u0131\u015fmalar kapsam\u0131nda&#8230;<\/p>\n","protected":false},"author":1,"featured_media":71124,"comment_status":"open","ping_status":"open","sticky":false,"template":"","format":"standard","meta":{"_crdt_document":"","footnotes":""},"categories":[1],"tags":[],"class_list":["post-71123","post","type-post","status-publish","format-standard","has-post-thumbnail","hentry","category-guncel"],"_links":{"self":[{"href":"https:\/\/www.egemtv.com\/index.php?rest_route=\/wp\/v2\/posts\/71123","targetHints":{"allow":["GET"]}}],"collection":[{"href":"https:\/\/www.egemtv.com\/index.php?rest_route=\/wp\/v2\/posts"}],"about":[{"href":"https:\/\/www.egemtv.com\/index.php?rest_route=\/wp\/v2\/types\/post"}],"author":[{"embeddable":true,"href":"https:\/\/www.egemtv.com\/index.php?rest_route=\/wp\/v2\/users\/1"}],"replies":[{"embeddable":true,"href":"https:\/\/www.egemtv.com\/index.php?rest_route=%2Fwp%2Fv2%2Fcomments&post=71123"}],"version-history":[{"count":1,"href":"https:\/\/www.egemtv.com\/index.php?rest_route=\/wp\/v2\/posts\/71123\/revisions"}],"predecessor-version":[{"id":71125,"href":"https:\/\/www.egemtv.com\/index.php?rest_route=\/wp\/v2\/posts\/71123\/revisions\/71125"}],"wp:featuredmedia":[{"embeddable":true,"href":"https:\/\/www.egemtv.com\/index.php?rest_route=\/wp\/v2\/media\/71124"}],"wp:attachment":[{"href":"https:\/\/www.egemtv.com\/index.php?rest_route=%2Fwp%2Fv2%2Fmedia&parent=71123"}],"wp:term":[{"taxonomy":"category","embeddable":true,"href":"https:\/\/www.egemtv.com\/index.php?rest_route=%2Fwp%2Fv2%2Fcategories&post=71123"},{"taxonomy":"post_tag","embeddable":true,"href":"https:\/\/www.egemtv.com\/index.php?rest_route=%2Fwp%2Fv2%2Ftags&post=71123"}],"curies":[{"name":"wp","href":"https:\/\/api.w.org\/{rel}","templated":true}]}}