{"id":71120,"date":"2025-11-30T12:55:43","date_gmt":"2025-11-30T09:55:43","guid":{"rendered":"https:\/\/www.egemtv.com\/?p=71120"},"modified":"2025-11-30T12:55:44","modified_gmt":"2025-11-30T09:55:44","slug":"kutahya-hava-er-egitim-tugay-komutanliginda-2025-4a-tertip-erler-yemin-ederek-usta-asker-oldu","status":"publish","type":"post","link":"https:\/\/www.egemtv.com\/?p=71120","title":{"rendered":"K\u00fctahya Hava Er E\u011fitim Tugay Komutanl\u0131\u011f\u0131nda 2025 4A Tertip Erler yemin ederek usta asker oldu"},"content":{"rendered":"<p>K\u00fctahya Hava Er E\u011fitim Tugay Komutanl\u0131\u011f\u0131\u2019nda vatani g\u00f6revlerini yapan 2025 4A Tertip erler, ger\u00e7ekle\u015ftirilen t\u00f6renle silah ve bayrak \u00fczerine el basarak yemin etti ve usta askerlik d\u00f6nemine ge\u00e7ti.<br \/>\n<br \/>T\u00f6ren, sayg\u0131 duru\u015fu ve \u0130stiklal Mar\u015f\u0131\u2019n\u0131n okunmas\u0131yla ba\u015flad\u0131. Ard\u0131ndan birli\u011fe ilk kat\u0131lan askere \u00f6d\u00fcl verilmesi ve ya\u015f k\u00fct\u00fc\u011f\u00fcne plaket \u00e7ak\u0131lmas\u0131yla program devam etti. Yemin t\u00f6reninin ard\u0131ndan Tugay Komutan\u0131 Hava Tu\u011fgeneral Mustafa Ba\u015f bir konu\u015fma yapt\u0131. Ba\u015f, ant i\u00e7me t\u00f6renlerinin T\u00fcrk milletinde \u00f6nemli bir yere sahip oldu\u011funu ifade etti. Ba\u015f, &#8220;Ecdad\u0131m\u0131zdan miras kalan ant i\u00e7me t\u00f6renleri, milli birlik ve beraberli\u011fimizin g\u00fc\u00e7lendi\u011fi, vatana ba\u011fl\u0131l\u0131\u011f\u0131n \u015feref s\u00f6z\u00fcyle per\u00e7inlendi\u011fi \u00e7ok \u00f6zel anlard\u0131r. Kahraman Mehmet\u00e7iklerimiz bu kutsal oca\u011f\u0131n bir ferdi olman\u0131n bilincine ula\u015farak Hava Kuvvetleri Komutanl\u0131\u011f\u0131 saflar\u0131na kat\u0131lm\u0131\u015flard\u0131r&#8221; diye konu\u015ftu.<br \/>\n<br \/>Tu\u011fgeneral Ba\u015f, ailelere de seslenerek evlatlar\u0131n\u0131 vatana hizmet edecek \u015fekilde yeti\u015ftirdikleri i\u00e7in te\u015fekk\u00fcr etti. Mehmet\u00e7iklere hitab\u0131nda ise askerlik g\u00f6revinin kutsal bir g\u00f6rev oldu\u011funu belirterek, &#8220;Bug\u00fcnden itibaren Hava Kuvvetleri Komutanl\u0131\u011f\u0131n\u0131n \u00e7elik kanatlar\u0131 alt\u0131nda yerinizi alacaks\u0131n\u0131z. Burada kurdu\u011funuz arkada\u015fl\u0131klar\u0131n \u00f6m\u00fcr boyu s\u00fcrece\u011fine inan\u0131yorum&#8221; \u015feklinde konu\u015ftu.<br \/>\n<br \/>Konu\u015fmas\u0131n\u0131n sonunda Atat\u00fcrk ve silah arkada\u015flar\u0131n\u0131 minnetle anan Tu\u011fgeneral Mustafa Ba\u015f, t\u00fcm \u015fehitlere rahmet diledi.<br \/>\n<br \/>Yemin t\u00f6reninin ard\u0131ndan aileler, uzun s\u00fcredir g\u00f6rmedikleri evlatlar\u0131na sar\u0131larak hasret giderdi. Duygusal anlar\u0131n ya\u015fand\u0131\u011f\u0131 bulu\u015fmada aileler, \u00e7ocuklar\u0131yla gurur duyduklar\u0131n\u0131 dile getirdi.<br \/><\/p>\n","protected":false},"excerpt":{"rendered":"<p>K\u00fctahya Hava Er E\u011fitim Tugay Komutanl\u0131\u011f\u0131\u2019nda vatani g\u00f6revlerini yapan 2025 4A Tertip erler, ger\u00e7ekle\u015ftirilen t\u00f6renle silah ve bayrak \u00fczerine el basarak yemin etti ve usta askerlik d\u00f6nemine ge\u00e7ti. T\u00f6ren, sayg\u0131 duru\u015fu ve \u0130stiklal Mar\u015f\u0131\u2019n\u0131n okunmas\u0131yla ba\u015flad\u0131. Ard\u0131ndan birli\u011fe ilk kat\u0131lan askere \u00f6d\u00fcl verilmesi ve ya\u015f k\u00fct\u00fc\u011f\u00fcne plaket \u00e7ak\u0131lmas\u0131yla program devam etti. Yemin t\u00f6reninin ard\u0131ndan Tugay&#8230;<\/p>\n","protected":false},"author":1,"featured_media":71121,"comment_status":"open","ping_status":"open","sticky":false,"template":"","format":"standard","meta":{"_crdt_document":"","footnotes":""},"categories":[123],"tags":[],"class_list":["post-71120","post","type-post","status-publish","format-standard","has-post-thumbnail","hentry","category-gundem"],"_links":{"self":[{"href":"https:\/\/www.egemtv.com\/index.php?rest_route=\/wp\/v2\/posts\/71120","targetHints":{"allow":["GET"]}}],"collection":[{"href":"https:\/\/www.egemtv.com\/index.php?rest_route=\/wp\/v2\/posts"}],"about":[{"href":"https:\/\/www.egemtv.com\/index.php?rest_route=\/wp\/v2\/types\/post"}],"author":[{"embeddable":true,"href":"https:\/\/www.egemtv.com\/index.php?rest_route=\/wp\/v2\/users\/1"}],"replies":[{"embeddable":true,"href":"https:\/\/www.egemtv.com\/index.php?rest_route=%2Fwp%2Fv2%2Fcomments&post=71120"}],"version-history":[{"count":1,"href":"https:\/\/www.egemtv.com\/index.php?rest_route=\/wp\/v2\/posts\/71120\/revisions"}],"predecessor-version":[{"id":71122,"href":"https:\/\/www.egemtv.com\/index.php?rest_route=\/wp\/v2\/posts\/71120\/revisions\/71122"}],"wp:featuredmedia":[{"embeddable":true,"href":"https:\/\/www.egemtv.com\/index.php?rest_route=\/wp\/v2\/media\/71121"}],"wp:attachment":[{"href":"https:\/\/www.egemtv.com\/index.php?rest_route=%2Fwp%2Fv2%2Fmedia&parent=71120"}],"wp:term":[{"taxonomy":"category","embeddable":true,"href":"https:\/\/www.egemtv.com\/index.php?rest_route=%2Fwp%2Fv2%2Fcategories&post=71120"},{"taxonomy":"post_tag","embeddable":true,"href":"https:\/\/www.egemtv.com\/index.php?rest_route=%2Fwp%2Fv2%2Ftags&post=71120"}],"curies":[{"name":"wp","href":"https:\/\/api.w.org\/{rel}","templated":true}]}}