{"id":71117,"date":"2025-11-30T12:35:56","date_gmt":"2025-11-30T09:35:56","guid":{"rendered":"https:\/\/www.egemtv.com\/?p=71117"},"modified":"2025-11-30T12:35:57","modified_gmt":"2025-11-30T09:35:57","slug":"karacasu-dibekbuku-mevkiindeki-yol-calismasi-tamamlandi","status":"publish","type":"post","link":"https:\/\/www.egemtv.com\/?p=71117","title":{"rendered":"Karacasu Dibekb\u00fck\u00fc mevkiindeki yol \u00e7al\u0131\u015fmas\u0131 tamamland\u0131"},"content":{"rendered":"<p>Ayd\u0131n\u2019\u0131n Karacasu il\u00e7esine ba\u011fl\u0131 Atak\u00f6y Mahallesi Dibekb\u00fck\u00fc mevkiinde kilitli parke ta\u015f\u0131 d\u00f6\u015feme \u00e7al\u0131\u015fmalar\u0131 tamamland\u0131.<\/p>\n<p>Karacasu Belediyesi il\u00e7e genelindeki sorumluluk alanlar\u0131nda \u00e7al\u0131\u015fmalar\u0131n\u0131 aral\u0131ks\u0131z s\u00fcrd\u00fcr\u00fcyor. Belediye ekipleri taraf\u0131ndan y\u00fcr\u00fct\u00fclen \u00e7al\u0131\u015fmalar kapsam\u0131nda, Dibekb\u00fck\u00fc mevkiindeki yol parke ta\u015f\u0131 ile kaplanarak daha d\u00fczenli ve kullan\u0131\u015fl\u0131 hale getirildi. \u00c7al\u0131\u015fmalar\u0131n tamamlanmas\u0131yla birlikte mahalle sakinlerinin ula\u015f\u0131m konforunun artarken, vatanda\u015flar yap\u0131lan \u00e7al\u0131\u015fma i\u00e7in belediyeye te\u015fekk\u00fcr etti. Karacasu Belediye Ba\u015fkan\u0131 Mustafa B\u00fcy\u00fckyap\u0131c\u0131 il\u00e7e genelinde ihtiya\u00e7 duyulan noktalarda yol d\u00fczenleme ve \u00e7evre iyile\u015ftirme \u00e7al\u0131\u015fmalar\u0131n\u0131n planl\u0131 \u015fekilde devam edece\u011fini belirtti.<br \/><\/p>\n","protected":false},"excerpt":{"rendered":"<p>Ayd\u0131n\u2019\u0131n Karacasu il\u00e7esine ba\u011fl\u0131 Atak\u00f6y Mahallesi Dibekb\u00fck\u00fc mevkiinde kilitli parke ta\u015f\u0131 d\u00f6\u015feme \u00e7al\u0131\u015fmalar\u0131 tamamland\u0131. Karacasu Belediyesi il\u00e7e genelindeki sorumluluk alanlar\u0131nda \u00e7al\u0131\u015fmalar\u0131n\u0131 aral\u0131ks\u0131z s\u00fcrd\u00fcr\u00fcyor. Belediye ekipleri taraf\u0131ndan y\u00fcr\u00fct\u00fclen \u00e7al\u0131\u015fmalar kapsam\u0131nda, Dibekb\u00fck\u00fc mevkiindeki yol parke ta\u015f\u0131 ile kaplanarak daha d\u00fczenli ve kullan\u0131\u015fl\u0131 hale getirildi. \u00c7al\u0131\u015fmalar\u0131n tamamlanmas\u0131yla birlikte mahalle sakinlerinin ula\u015f\u0131m konforunun artarken, vatanda\u015flar yap\u0131lan \u00e7al\u0131\u015fma i\u00e7in belediyeye&#8230;<\/p>\n","protected":false},"author":1,"featured_media":71118,"comment_status":"open","ping_status":"open","sticky":false,"template":"","format":"standard","meta":{"_crdt_document":"","footnotes":""},"categories":[1],"tags":[],"class_list":["post-71117","post","type-post","status-publish","format-standard","has-post-thumbnail","hentry","category-guncel"],"_links":{"self":[{"href":"https:\/\/www.egemtv.com\/index.php?rest_route=\/wp\/v2\/posts\/71117","targetHints":{"allow":["GET"]}}],"collection":[{"href":"https:\/\/www.egemtv.com\/index.php?rest_route=\/wp\/v2\/posts"}],"about":[{"href":"https:\/\/www.egemtv.com\/index.php?rest_route=\/wp\/v2\/types\/post"}],"author":[{"embeddable":true,"href":"https:\/\/www.egemtv.com\/index.php?rest_route=\/wp\/v2\/users\/1"}],"replies":[{"embeddable":true,"href":"https:\/\/www.egemtv.com\/index.php?rest_route=%2Fwp%2Fv2%2Fcomments&post=71117"}],"version-history":[{"count":1,"href":"https:\/\/www.egemtv.com\/index.php?rest_route=\/wp\/v2\/posts\/71117\/revisions"}],"predecessor-version":[{"id":71119,"href":"https:\/\/www.egemtv.com\/index.php?rest_route=\/wp\/v2\/posts\/71117\/revisions\/71119"}],"wp:featuredmedia":[{"embeddable":true,"href":"https:\/\/www.egemtv.com\/index.php?rest_route=\/wp\/v2\/media\/71118"}],"wp:attachment":[{"href":"https:\/\/www.egemtv.com\/index.php?rest_route=%2Fwp%2Fv2%2Fmedia&parent=71117"}],"wp:term":[{"taxonomy":"category","embeddable":true,"href":"https:\/\/www.egemtv.com\/index.php?rest_route=%2Fwp%2Fv2%2Fcategories&post=71117"},{"taxonomy":"post_tag","embeddable":true,"href":"https:\/\/www.egemtv.com\/index.php?rest_route=%2Fwp%2Fv2%2Ftags&post=71117"}],"curies":[{"name":"wp","href":"https:\/\/api.w.org\/{rel}","templated":true}]}}