{"id":71114,"date":"2025-11-30T10:55:32","date_gmt":"2025-11-30T07:55:32","guid":{"rendered":"https:\/\/www.egemtv.com\/?p=71114"},"modified":"2025-11-30T10:55:32","modified_gmt":"2025-11-30T07:55:32","slug":"koycegizde-sabah-namazi-bulusmasi","status":"publish","type":"post","link":"https:\/\/www.egemtv.com\/?p=71114","title":{"rendered":"K\u00f6yce\u011fiz\u2019de sabah namaz\u0131 bulu\u015fmas\u0131"},"content":{"rendered":"<p>Mu\u011fla\u2019n\u0131n K\u00f6yce\u011fiz il\u00e7esi D\u00f6\u011f\u00fc\u015fbelen Merkez Camii\u2019nde sabah namaz\u0131 bulu\u015fmas\u0131 ger\u00e7ekle\u015ftirildi.<\/p>\n<p>K\u00f6yce\u011fiz M\u00fcft\u00fcl\u00fc\u011f\u00fc sabah namaz\u0131 bulu\u015fmalar\u0131 program\u0131 D\u00f6\u011f\u00fc\u015fbelen Merkez Camii\u2019nde yap\u0131ld\u0131. Yo\u011fun kat\u0131l\u0131m\u0131n oldu\u011fu sabah namaz\u0131 bulu\u015fmas\u0131 program\u0131nda Kur\u2019an-\u0131 Kerim tilaveti, sabah namaz\u0131 sonras\u0131nda tesbihat yap\u0131ld\u0131. Akabinde sohbette bulunan \u0130l\u00e7e M\u00fcft\u00fcs\u00fc Ahmet Karag\u00f6z, sabah\u0131n seherinde sabah namaz\u0131 bulu\u015fmas\u0131 program\u0131na i\u015ftirak eden t\u00fcm cemaate ve sabah namaz\u0131na i\u00e7in camiye gelen gen\u00e7lere ve ev sahibi olarak programda eme\u011fi ge\u00e7en \u0130mam-Hatip Yasin Y\u0131ld\u0131r\u0131m ile Sinan Demir\u2019e te\u015fekk\u00fcr etti. Yap\u0131lan ikramlar ve yemek duas\u0131n\u0131n ard\u0131ndan program sona erdi.<br \/><\/p>\n","protected":false},"excerpt":{"rendered":"<p>Mu\u011fla\u2019n\u0131n K\u00f6yce\u011fiz il\u00e7esi D\u00f6\u011f\u00fc\u015fbelen Merkez Camii\u2019nde sabah namaz\u0131 bulu\u015fmas\u0131 ger\u00e7ekle\u015ftirildi. K\u00f6yce\u011fiz M\u00fcft\u00fcl\u00fc\u011f\u00fc sabah namaz\u0131 bulu\u015fmalar\u0131 program\u0131 D\u00f6\u011f\u00fc\u015fbelen Merkez Camii\u2019nde yap\u0131ld\u0131. Yo\u011fun kat\u0131l\u0131m\u0131n oldu\u011fu sabah namaz\u0131 bulu\u015fmas\u0131 program\u0131nda Kur\u2019an-\u0131 Kerim tilaveti, sabah namaz\u0131 sonras\u0131nda tesbihat yap\u0131ld\u0131. Akabinde sohbette bulunan \u0130l\u00e7e M\u00fcft\u00fcs\u00fc Ahmet Karag\u00f6z, sabah\u0131n seherinde sabah namaz\u0131 bulu\u015fmas\u0131 program\u0131na i\u015ftirak eden t\u00fcm cemaate ve sabah namaz\u0131na&#8230;<\/p>\n","protected":false},"author":1,"featured_media":71115,"comment_status":"open","ping_status":"open","sticky":false,"template":"","format":"standard","meta":{"_crdt_document":"","footnotes":""},"categories":[1],"tags":[],"class_list":["post-71114","post","type-post","status-publish","format-standard","has-post-thumbnail","hentry","category-guncel"],"_links":{"self":[{"href":"https:\/\/www.egemtv.com\/index.php?rest_route=\/wp\/v2\/posts\/71114","targetHints":{"allow":["GET"]}}],"collection":[{"href":"https:\/\/www.egemtv.com\/index.php?rest_route=\/wp\/v2\/posts"}],"about":[{"href":"https:\/\/www.egemtv.com\/index.php?rest_route=\/wp\/v2\/types\/post"}],"author":[{"embeddable":true,"href":"https:\/\/www.egemtv.com\/index.php?rest_route=\/wp\/v2\/users\/1"}],"replies":[{"embeddable":true,"href":"https:\/\/www.egemtv.com\/index.php?rest_route=%2Fwp%2Fv2%2Fcomments&post=71114"}],"version-history":[{"count":1,"href":"https:\/\/www.egemtv.com\/index.php?rest_route=\/wp\/v2\/posts\/71114\/revisions"}],"predecessor-version":[{"id":71116,"href":"https:\/\/www.egemtv.com\/index.php?rest_route=\/wp\/v2\/posts\/71114\/revisions\/71116"}],"wp:featuredmedia":[{"embeddable":true,"href":"https:\/\/www.egemtv.com\/index.php?rest_route=\/wp\/v2\/media\/71115"}],"wp:attachment":[{"href":"https:\/\/www.egemtv.com\/index.php?rest_route=%2Fwp%2Fv2%2Fmedia&parent=71114"}],"wp:term":[{"taxonomy":"category","embeddable":true,"href":"https:\/\/www.egemtv.com\/index.php?rest_route=%2Fwp%2Fv2%2Fcategories&post=71114"},{"taxonomy":"post_tag","embeddable":true,"href":"https:\/\/www.egemtv.com\/index.php?rest_route=%2Fwp%2Fv2%2Ftags&post=71114"}],"curies":[{"name":"wp","href":"https:\/\/api.w.org\/{rel}","templated":true}]}}