{"id":71108,"date":"2025-11-30T10:36:41","date_gmt":"2025-11-30T07:36:41","guid":{"rendered":"https:\/\/www.egemtv.com\/?p=71108"},"modified":"2025-11-30T10:36:42","modified_gmt":"2025-11-30T07:36:42","slug":"aydinda-tarimin-gundemi-ureticilerle-masaya-yatirildi","status":"publish","type":"post","link":"https:\/\/www.egemtv.com\/?p=71108","title":{"rendered":"Ayd\u0131n\u2019da tar\u0131m\u0131n g\u00fcndemi \u00fcreticilerle masaya yat\u0131r\u0131ld\u0131"},"content":{"rendered":"<p>Ayd\u0131n \u0130l Tar\u0131m ve Orman M\u00fcd\u00fcrl\u00fc\u011f\u00fc taraf\u0131ndan il genelindeki 17 il\u00e7ede e\u015f zamanl\u0131 olarak ger\u00e7ekle\u015ftirilen saha \u00e7al\u0131\u015fmalar\u0131nda, \u00fcreticilerle bir araya gelinerek tar\u0131m\u0131n g\u00fcncel konular\u0131 ele al\u0131nd\u0131.<\/p>\n<p>Ayd\u0131n \u0130l Tar\u0131m ve Orman M\u00fcd\u00fcrl\u00fc\u011f\u00fc ekipleri \u00fcretici bulu\u015fmalar\u0131n\u0131 aral\u0131ks\u0131z olarak s\u00fcrd\u00fcr\u00fcyor. Bu kapsamda \u0130l Tar\u0131m ve Orman M\u00fcd\u00fcr\u00fc Ayhan Temiz, Ko\u00e7arl\u0131 il\u00e7esine ba\u011fl\u0131 \u00c7all\u0131 Mahallesi\u2019nde \u00fcreticilerle bulu\u015ftu. Ger\u00e7ekle\u015ftirilen toplant\u0131larda \u00f6zellikle \u015fap hastal\u0131\u011f\u0131yla m\u00fccadele konusu \u00f6n plana \u00e7\u0131karken, hayvan sa\u011fl\u0131\u011f\u0131n\u0131n korunmas\u0131na y\u00f6nelik y\u00fcr\u00fct\u00fclen \u00e7al\u0131\u015fmalar \u00fcreticilere ayr\u0131nt\u0131l\u0131 \u015fekilde aktar\u0131ld\u0131. Toplant\u0131larda ayr\u0131ca \u00c7ift\u00e7i Kay\u0131t Sistemi i\u015flemleri, tar\u0131msal desteklemeler, tar\u0131m say\u0131m\u0131 ile bitki ve hayvan sa\u011fl\u0131\u011f\u0131na ili\u015fkin konularda bilgilendirme yap\u0131ld\u0131. \u00dcreticilerin talepleri ve ya\u015fad\u0131klar\u0131 sorunlar ise yerinde dinlenerek not al\u0131nd\u0131.<\/p>\n<p>Yetkililer, \u2019tar\u0131m sahada\u2019 anlay\u0131\u015f\u0131 do\u011frultusunda Ayd\u0131n\u2019\u0131n d\u00f6rt bir yan\u0131nda \u00fcreticilerle birebir temas kurmaya devam edeceklerini belirterek, tar\u0131msal \u00fcretimin s\u00fcrd\u00fcr\u00fclebilirli\u011fi i\u00e7in sahada olman\u0131n \u00f6nemine dikkat \u00e7ekti.<br \/><\/p>\n","protected":false},"excerpt":{"rendered":"<p>Ayd\u0131n \u0130l Tar\u0131m ve Orman M\u00fcd\u00fcrl\u00fc\u011f\u00fc taraf\u0131ndan il genelindeki 17 il\u00e7ede e\u015f zamanl\u0131 olarak ger\u00e7ekle\u015ftirilen saha \u00e7al\u0131\u015fmalar\u0131nda, \u00fcreticilerle bir araya gelinerek tar\u0131m\u0131n g\u00fcncel konular\u0131 ele al\u0131nd\u0131. Ayd\u0131n \u0130l Tar\u0131m ve Orman M\u00fcd\u00fcrl\u00fc\u011f\u00fc ekipleri \u00fcretici bulu\u015fmalar\u0131n\u0131 aral\u0131ks\u0131z olarak s\u00fcrd\u00fcr\u00fcyor. Bu kapsamda \u0130l Tar\u0131m ve Orman M\u00fcd\u00fcr\u00fc Ayhan Temiz, Ko\u00e7arl\u0131 il\u00e7esine ba\u011fl\u0131 \u00c7all\u0131 Mahallesi\u2019nde \u00fcreticilerle bulu\u015ftu. Ger\u00e7ekle\u015ftirilen&#8230;<\/p>\n","protected":false},"author":1,"featured_media":71109,"comment_status":"open","ping_status":"open","sticky":false,"template":"","format":"standard","meta":{"_crdt_document":"","footnotes":""},"categories":[1],"tags":[],"class_list":["post-71108","post","type-post","status-publish","format-standard","has-post-thumbnail","hentry","category-guncel"],"_links":{"self":[{"href":"https:\/\/www.egemtv.com\/index.php?rest_route=\/wp\/v2\/posts\/71108","targetHints":{"allow":["GET"]}}],"collection":[{"href":"https:\/\/www.egemtv.com\/index.php?rest_route=\/wp\/v2\/posts"}],"about":[{"href":"https:\/\/www.egemtv.com\/index.php?rest_route=\/wp\/v2\/types\/post"}],"author":[{"embeddable":true,"href":"https:\/\/www.egemtv.com\/index.php?rest_route=\/wp\/v2\/users\/1"}],"replies":[{"embeddable":true,"href":"https:\/\/www.egemtv.com\/index.php?rest_route=%2Fwp%2Fv2%2Fcomments&post=71108"}],"version-history":[{"count":1,"href":"https:\/\/www.egemtv.com\/index.php?rest_route=\/wp\/v2\/posts\/71108\/revisions"}],"predecessor-version":[{"id":71110,"href":"https:\/\/www.egemtv.com\/index.php?rest_route=\/wp\/v2\/posts\/71108\/revisions\/71110"}],"wp:featuredmedia":[{"embeddable":true,"href":"https:\/\/www.egemtv.com\/index.php?rest_route=\/wp\/v2\/media\/71109"}],"wp:attachment":[{"href":"https:\/\/www.egemtv.com\/index.php?rest_route=%2Fwp%2Fv2%2Fmedia&parent=71108"}],"wp:term":[{"taxonomy":"category","embeddable":true,"href":"https:\/\/www.egemtv.com\/index.php?rest_route=%2Fwp%2Fv2%2Fcategories&post=71108"},{"taxonomy":"post_tag","embeddable":true,"href":"https:\/\/www.egemtv.com\/index.php?rest_route=%2Fwp%2Fv2%2Ftags&post=71108"}],"curies":[{"name":"wp","href":"https:\/\/api.w.org\/{rel}","templated":true}]}}