{"id":71105,"date":"2025-11-30T09:56:57","date_gmt":"2025-11-30T06:56:57","guid":{"rendered":"https:\/\/www.egemtv.com\/?p=71105"},"modified":"2025-11-30T09:56:58","modified_gmt":"2025-11-30T06:56:58","slug":"dalaman-acik-ceza-infaz-kurumunda-10-dekar-alana-sakiz-agaci-fidani-dikildi","status":"publish","type":"post","link":"https:\/\/www.egemtv.com\/?p=71105","title":{"rendered":"Dalaman A\u00e7\u0131k Ceza \u0130nfaz Kurumunda 10 dekar alana Sak\u0131z a\u011fac\u0131 fidan\u0131 dikildi"},"content":{"rendered":"<p>Tar\u0131m ve Orman Bakanl\u0131\u011f\u0131\u2019n\u0131n \u2018T\u0131bbi Aromatik Bitkiler Projesi\u2019 kapsam\u0131nda gelir getirici t\u00fcrlerden olan Sak\u0131z a\u011fac\u0131 fidan\u0131 dikimi Dalaman A\u00e7\u0131k Ceza ve \u0130nfaz Kurumu\u2019nun 10 dekarl\u0131k arazisine dikimi ger\u00e7ekle\u015ftirildi. Etkinli\u011fe Dalaman Kaymakam\u0131  Mesut Yakuta da kat\u0131ld\u0131.<br \/>\n<br \/>\u00c7ok y\u0131ll\u0131k \u00e7i\u00e7ek yeti\u015ftiricili\u011fi konusunda 2025 y\u0131l\u0131 i\u00e7erisinde toplam 50 tutukluya Halk E\u011fitim M\u00fcd\u00fcrl\u00fc\u011f\u00fc ve \u0130l\u00e7e Tar\u0131m ve Orman M\u00fcd\u00fcrl\u00fc\u011f\u00fc i\u015fbirli\u011fi kapsam\u0131nda Dalaman A\u00e7\u0131k Ceza \u0130nfaz Kurumu M\u00fcd\u00fcrl\u00fc\u011f\u00fc\u2019nde verilen e\u011fitim sonras\u0131 sertifikalar\u0131 Kaymakam Mesut Yakuta, Ortaca Cumhuriyet Ba\u015fsavc\u0131 V., Dalaman A\u00e7\u0131k Ceza \u0130nfaz Kurumu M\u00fcd\u00fcr\u00fc, \u0130l\u00e7e Tar\u0131m ve Orman M\u00fcd\u00fcr\u00fc ile Halk E\u011fitimi Merkezi M\u00fcd\u00fcr\u00fc taraf\u0131ndan verildi.<br \/>\n<br \/>Tar\u0131m ve Orman Bakanl\u0131\u011f\u0131n\u0131n T\u0131bbi Aromatik Bitkiler Projesi kapsam\u0131nda, Sak\u0131z a\u011fac\u0131n\u0131n fidan bedelinin tamam\u0131 Tar\u0131m ve Orman Bakanl\u0131\u011f\u0131 taraf\u0131ndan hibeli olarak verildi. Dalaman\u2019da 10 dekar Dalaman A\u00e7\u0131k Ceza \u0130nfaz Kurumu M\u00fcd\u00fcrl\u00fc\u011f\u00fcnde ve 2 dekar Karacaa\u011fa\u00e7 Mahallesinde olmak \u00fczere toplamda 12 dekar Sak\u0131z a\u011fa\u00e7 bah\u00e7esi kuruldu.<br \/><\/p>\n","protected":false},"excerpt":{"rendered":"<p>Tar\u0131m ve Orman Bakanl\u0131\u011f\u0131\u2019n\u0131n \u2018T\u0131bbi Aromatik Bitkiler Projesi\u2019 kapsam\u0131nda gelir getirici t\u00fcrlerden olan Sak\u0131z a\u011fac\u0131 fidan\u0131 dikimi Dalaman A\u00e7\u0131k Ceza ve \u0130nfaz Kurumu\u2019nun 10 dekarl\u0131k arazisine dikimi ger\u00e7ekle\u015ftirildi. Etkinli\u011fe Dalaman Kaymakam\u0131 Mesut Yakuta da kat\u0131ld\u0131. \u00c7ok y\u0131ll\u0131k \u00e7i\u00e7ek yeti\u015ftiricili\u011fi konusunda 2025 y\u0131l\u0131 i\u00e7erisinde toplam 50 tutukluya Halk E\u011fitim M\u00fcd\u00fcrl\u00fc\u011f\u00fc ve \u0130l\u00e7e Tar\u0131m ve Orman M\u00fcd\u00fcrl\u00fc\u011f\u00fc&#8230;<\/p>\n","protected":false},"author":1,"featured_media":71106,"comment_status":"open","ping_status":"open","sticky":false,"template":"","format":"standard","meta":{"_crdt_document":"","footnotes":""},"categories":[1],"tags":[],"class_list":["post-71105","post","type-post","status-publish","format-standard","has-post-thumbnail","hentry","category-guncel"],"_links":{"self":[{"href":"https:\/\/www.egemtv.com\/index.php?rest_route=\/wp\/v2\/posts\/71105","targetHints":{"allow":["GET"]}}],"collection":[{"href":"https:\/\/www.egemtv.com\/index.php?rest_route=\/wp\/v2\/posts"}],"about":[{"href":"https:\/\/www.egemtv.com\/index.php?rest_route=\/wp\/v2\/types\/post"}],"author":[{"embeddable":true,"href":"https:\/\/www.egemtv.com\/index.php?rest_route=\/wp\/v2\/users\/1"}],"replies":[{"embeddable":true,"href":"https:\/\/www.egemtv.com\/index.php?rest_route=%2Fwp%2Fv2%2Fcomments&post=71105"}],"version-history":[{"count":1,"href":"https:\/\/www.egemtv.com\/index.php?rest_route=\/wp\/v2\/posts\/71105\/revisions"}],"predecessor-version":[{"id":71107,"href":"https:\/\/www.egemtv.com\/index.php?rest_route=\/wp\/v2\/posts\/71105\/revisions\/71107"}],"wp:featuredmedia":[{"embeddable":true,"href":"https:\/\/www.egemtv.com\/index.php?rest_route=\/wp\/v2\/media\/71106"}],"wp:attachment":[{"href":"https:\/\/www.egemtv.com\/index.php?rest_route=%2Fwp%2Fv2%2Fmedia&parent=71105"}],"wp:term":[{"taxonomy":"category","embeddable":true,"href":"https:\/\/www.egemtv.com\/index.php?rest_route=%2Fwp%2Fv2%2Fcategories&post=71105"},{"taxonomy":"post_tag","embeddable":true,"href":"https:\/\/www.egemtv.com\/index.php?rest_route=%2Fwp%2Fv2%2Ftags&post=71105"}],"curies":[{"name":"wp","href":"https:\/\/api.w.org\/{rel}","templated":true}]}}