{"id":71102,"date":"2025-11-30T09:56:56","date_gmt":"2025-11-30T06:56:56","guid":{"rendered":"https:\/\/www.egemtv.com\/?p=71102"},"modified":"2025-11-30T09:56:57","modified_gmt":"2025-11-30T06:56:57","slug":"kamyona-arkadan-carpan-otomobil-hurdaya-dondu-1-olu-1-yarali","status":"publish","type":"post","link":"https:\/\/www.egemtv.com\/?p=71102","title":{"rendered":"Kamyona arkadan \u00e7arpan otomobil hurdaya d\u00f6nd\u00fc; 1 \u00f6l\u00fc 1 yaral\u0131"},"content":{"rendered":"<p>Denizli\u2019de hakimiyetini kaybetmesi sonucu kamyona arkadan \u00e7arpan otomobil hurdaya d\u00f6nerken s\u00fcr\u00fcc\u00fc a\u011f\u0131r yaraland\u0131, e\u015fi ise hayat\u0131n\u0131 kaybetti.<\/p>\n<p>Kaza, Honaz T\u00fcneli Ovac\u0131k Mahallesi \u00e7\u0131k\u0131\u015f\u0131nda meydana geldi. Edinilen bilgilere g\u00f6re; \u0130smail Gemi idaresindeki hen\u00fcz plakas\u0131 bilinmeyen otomobil, seyir halindeyken direksiyon hakimiyetini kaybetmesi sonucu \u00f6n\u00fcnde seyreden bir kamyona arkadan \u00e7arpt\u0131. Kazay\u0131 g\u00f6ren \u00e7evredeki vatanda\u015flar durumu 112 Acil \u00c7a\u011fr\u0131 Merkezine bildirdi. \u0130hbar \u00fczerine b\u00f6lgeye polis, sa\u011fl\u0131k ve itfaiye ekipleri sevk edildi. Otomobil hurdaya d\u00f6nerken, s\u00fcr\u00fcc\u00fc \u0130smail Gemi ve yan\u0131nda seyahat eden e\u015fi G\u00fclay Gemi ara\u00e7 i\u00e7inde s\u0131k\u0131\u015ft\u0131.<\/p>\n<p>B\u00f6lgeye gelen itfaiye ekipleri ara\u00e7ta s\u0131k\u0131\u015fan \u00e7ifti bulunduklar\u0131 yerden \u00e7\u0131kard\u0131 ve sa\u011fl\u0131k ekiplerine teslim etti. Sa\u011fl\u0131k ekipleri G\u00fclay Gemi\u2019nin kaza s\u0131ras\u0131nda hayat\u0131n\u0131 kaybetti\u011fini belirledi. A\u011f\u0131r yaralanan e\u015fi \u0130smail Gemi\u2019ye ise ilk m\u00fcdahalelerin ard\u0131ndan ambulans ile en yak\u0131n hastaneye sevk etti.<\/p>\n<p>Kazada hayat\u0131n\u0131 kaybeden G\u00fclay Gemi\u2019nin cenazesi otopsi yap\u0131lmak \u00fczere Adli T\u0131p Kurumu Grup Ba\u015fkanl\u0131\u011f\u0131 morguna kald\u0131r\u0131ld\u0131. \u00c7iftin Serinhisar\u2019\u0131n Yenice Mahallesi sakinlerinden oldu\u011fu \u00f6\u011frenildi.  Kazayla ilgili soru\u015fturma ba\u015flat\u0131ld\u0131.<br \/><\/p>\n","protected":false},"excerpt":{"rendered":"<p>Denizli\u2019de hakimiyetini kaybetmesi sonucu kamyona arkadan \u00e7arpan otomobil hurdaya d\u00f6nerken s\u00fcr\u00fcc\u00fc a\u011f\u0131r yaraland\u0131, e\u015fi ise hayat\u0131n\u0131 kaybetti. Kaza, Honaz T\u00fcneli Ovac\u0131k Mahallesi \u00e7\u0131k\u0131\u015f\u0131nda meydana geldi. Edinilen bilgilere g\u00f6re; \u0130smail Gemi idaresindeki hen\u00fcz plakas\u0131 bilinmeyen otomobil, seyir halindeyken direksiyon hakimiyetini kaybetmesi sonucu \u00f6n\u00fcnde seyreden bir kamyona arkadan \u00e7arpt\u0131. Kazay\u0131 g\u00f6ren \u00e7evredeki vatanda\u015flar durumu 112 Acil \u00c7a\u011fr\u0131&#8230;<\/p>\n","protected":false},"author":1,"featured_media":71103,"comment_status":"open","ping_status":"open","sticky":false,"template":"","format":"standard","meta":{"_crdt_document":"","footnotes":""},"categories":[5],"tags":[],"class_list":["post-71102","post","type-post","status-publish","format-standard","has-post-thumbnail","hentry","category-asayis"],"_links":{"self":[{"href":"https:\/\/www.egemtv.com\/index.php?rest_route=\/wp\/v2\/posts\/71102","targetHints":{"allow":["GET"]}}],"collection":[{"href":"https:\/\/www.egemtv.com\/index.php?rest_route=\/wp\/v2\/posts"}],"about":[{"href":"https:\/\/www.egemtv.com\/index.php?rest_route=\/wp\/v2\/types\/post"}],"author":[{"embeddable":true,"href":"https:\/\/www.egemtv.com\/index.php?rest_route=\/wp\/v2\/users\/1"}],"replies":[{"embeddable":true,"href":"https:\/\/www.egemtv.com\/index.php?rest_route=%2Fwp%2Fv2%2Fcomments&post=71102"}],"version-history":[{"count":1,"href":"https:\/\/www.egemtv.com\/index.php?rest_route=\/wp\/v2\/posts\/71102\/revisions"}],"predecessor-version":[{"id":71104,"href":"https:\/\/www.egemtv.com\/index.php?rest_route=\/wp\/v2\/posts\/71102\/revisions\/71104"}],"wp:featuredmedia":[{"embeddable":true,"href":"https:\/\/www.egemtv.com\/index.php?rest_route=\/wp\/v2\/media\/71103"}],"wp:attachment":[{"href":"https:\/\/www.egemtv.com\/index.php?rest_route=%2Fwp%2Fv2%2Fmedia&parent=71102"}],"wp:term":[{"taxonomy":"category","embeddable":true,"href":"https:\/\/www.egemtv.com\/index.php?rest_route=%2Fwp%2Fv2%2Fcategories&post=71102"},{"taxonomy":"post_tag","embeddable":true,"href":"https:\/\/www.egemtv.com\/index.php?rest_route=%2Fwp%2Fv2%2Ftags&post=71102"}],"curies":[{"name":"wp","href":"https:\/\/api.w.org\/{rel}","templated":true}]}}