{"id":71099,"date":"2025-11-30T09:56:55","date_gmt":"2025-11-30T06:56:55","guid":{"rendered":"https:\/\/www.egemtv.com\/?p=71099"},"modified":"2025-11-30T09:56:56","modified_gmt":"2025-11-30T06:56:56","slug":"park-halindeki-minibus-alevlere-teslim-oldu","status":"publish","type":"post","link":"https:\/\/www.egemtv.com\/?p=71099","title":{"rendered":"Park halindeki minib\u00fcs alevlere teslim oldu"},"content":{"rendered":"<p>Denizli\u2019de park halindeki minib\u00fcs, hen\u00fcz bilinmeyen nedenden \u00f6t\u00fcr\u00fc \u00e7\u0131kan yang\u0131nla alevlere teslim oldu. Ekiplerin yo\u011fun \u00e7al\u0131\u015fmas\u0131 sonucu yang\u0131n s\u00f6nd\u00fcr\u00fcl\u00fcrken, ara\u00e7 kullan\u0131lamaz hale geldi.<\/p>\n<p>Yang\u0131n, Buldan il\u00e7esi Cumhuriyet Mahallesi\u2019nde meydana geldi. Edinilen bilgilere g\u00f6re; park halinde bulunan minib\u00fcsten bilinmeyen bir nedenle dumanlar y\u00fckseldi. Minib\u00fcsten \u00e7\u0131kan dumanlar k\u0131sa s\u00fcrede b\u00fcy\u00fcyerek aleve d\u00f6n\u00fc\u015ft\u00fc. Yang\u0131n\u0131 g\u00f6ren \u00e7evredeki vatanda\u015flar durumu 112 Acil \u00c7a\u011fr\u0131 Merkezine bildirdi. \u0130hbar \u00fczerine b\u00f6lgeye polis ve itfaiye ekipleri sevk edildi.  B\u00f6lgeye gelen itfaiye ekipleri yo\u011fun u\u011fra\u015flar sonucu minib\u00fcsten \u00e7\u0131kan yang\u0131n\u0131 s\u00f6nd\u00fcrd\u00fc. Yang\u0131n sonucu minib\u00fcs kullan\u0131lamaz hale geldi.<br \/>\n<br \/>Yang\u0131nla ilgili soru\u015fturma ba\u015flat\u0131ld\u0131.<br \/><\/p>\n","protected":false},"excerpt":{"rendered":"<p>Denizli\u2019de park halindeki minib\u00fcs, hen\u00fcz bilinmeyen nedenden \u00f6t\u00fcr\u00fc \u00e7\u0131kan yang\u0131nla alevlere teslim oldu. Ekiplerin yo\u011fun \u00e7al\u0131\u015fmas\u0131 sonucu yang\u0131n s\u00f6nd\u00fcr\u00fcl\u00fcrken, ara\u00e7 kullan\u0131lamaz hale geldi. Yang\u0131n, Buldan il\u00e7esi Cumhuriyet Mahallesi\u2019nde meydana geldi. Edinilen bilgilere g\u00f6re; park halinde bulunan minib\u00fcsten bilinmeyen bir nedenle dumanlar y\u00fckseldi. Minib\u00fcsten \u00e7\u0131kan dumanlar k\u0131sa s\u00fcrede b\u00fcy\u00fcyerek aleve d\u00f6n\u00fc\u015ft\u00fc. Yang\u0131n\u0131 g\u00f6ren \u00e7evredeki vatanda\u015flar durumu&#8230;<\/p>\n","protected":false},"author":1,"featured_media":71100,"comment_status":"open","ping_status":"open","sticky":false,"template":"","format":"standard","meta":{"_crdt_document":"","footnotes":""},"categories":[5],"tags":[],"class_list":["post-71099","post","type-post","status-publish","format-standard","has-post-thumbnail","hentry","category-asayis"],"_links":{"self":[{"href":"https:\/\/www.egemtv.com\/index.php?rest_route=\/wp\/v2\/posts\/71099","targetHints":{"allow":["GET"]}}],"collection":[{"href":"https:\/\/www.egemtv.com\/index.php?rest_route=\/wp\/v2\/posts"}],"about":[{"href":"https:\/\/www.egemtv.com\/index.php?rest_route=\/wp\/v2\/types\/post"}],"author":[{"embeddable":true,"href":"https:\/\/www.egemtv.com\/index.php?rest_route=\/wp\/v2\/users\/1"}],"replies":[{"embeddable":true,"href":"https:\/\/www.egemtv.com\/index.php?rest_route=%2Fwp%2Fv2%2Fcomments&post=71099"}],"version-history":[{"count":1,"href":"https:\/\/www.egemtv.com\/index.php?rest_route=\/wp\/v2\/posts\/71099\/revisions"}],"predecessor-version":[{"id":71101,"href":"https:\/\/www.egemtv.com\/index.php?rest_route=\/wp\/v2\/posts\/71099\/revisions\/71101"}],"wp:featuredmedia":[{"embeddable":true,"href":"https:\/\/www.egemtv.com\/index.php?rest_route=\/wp\/v2\/media\/71100"}],"wp:attachment":[{"href":"https:\/\/www.egemtv.com\/index.php?rest_route=%2Fwp%2Fv2%2Fmedia&parent=71099"}],"wp:term":[{"taxonomy":"category","embeddable":true,"href":"https:\/\/www.egemtv.com\/index.php?rest_route=%2Fwp%2Fv2%2Fcategories&post=71099"},{"taxonomy":"post_tag","embeddable":true,"href":"https:\/\/www.egemtv.com\/index.php?rest_route=%2Fwp%2Fv2%2Ftags&post=71099"}],"curies":[{"name":"wp","href":"https:\/\/api.w.org\/{rel}","templated":true}]}}