{"id":71096,"date":"2025-11-30T09:34:43","date_gmt":"2025-11-30T06:34:43","guid":{"rendered":"https:\/\/www.egemtv.com\/?p=71096"},"modified":"2025-11-30T09:34:44","modified_gmt":"2025-11-30T06:34:44","slug":"yolcu-otobusu-devrildi-2-olu-21-yarali","status":"publish","type":"post","link":"https:\/\/www.egemtv.com\/?p=71096","title":{"rendered":"Yolcu otob\u00fcs\u00fc devrildi: 2 \u00f6l\u00fc, 21 yaral\u0131"},"content":{"rendered":"<p>Afyonkarahisar\u2019da kontrolden \u00e7\u0131karak devrilen yolcu otob\u00fcs\u00fcnde ilk belirlemelere g\u00f6re 2 ki\u015fi \u00f6ld\u00fc, 21 ki\u015fi yaraland\u0131.<br \/>\n<br \/>Kaza, Dinar il\u00e7esine ba\u011fl\u0131 Tatarl\u0131 beldesi yak\u0131nlar\u0131nda meydana geldi. Edinilen bilgilere g\u00f6re, Elaz\u0131\u011f Murat Turizm\u2019e ait yolcu otob\u00fcs\u00fc hen\u00fcz belirlenemeyen bir sebeple kontrolden \u00e7\u0131karak devrildi. Kazan\u0131n ard\u0131ndan b\u00f6lgeye \u00e7ok say\u0131da polis, AFAD ve jandarma ekibi sevk edildi. Kazada ilk belirlemelere g\u00f6re 2 ki\u015fi hayat\u0131n\u0131 kaybederken, 21 ki\u015fi de yaraland\u0131.<br \/>\n<br \/>Kurtarma ekiplerinin b\u00f6lgedeki \u00e7al\u0131\u015fmalar\u0131 devam ediyor.<br \/><\/p>\n","protected":false},"excerpt":{"rendered":"<p>Afyonkarahisar\u2019da kontrolden \u00e7\u0131karak devrilen yolcu otob\u00fcs\u00fcnde ilk belirlemelere g\u00f6re 2 ki\u015fi \u00f6ld\u00fc, 21 ki\u015fi yaraland\u0131. Kaza, Dinar il\u00e7esine ba\u011fl\u0131 Tatarl\u0131 beldesi yak\u0131nlar\u0131nda meydana geldi. Edinilen bilgilere g\u00f6re, Elaz\u0131\u011f Murat Turizm\u2019e ait yolcu otob\u00fcs\u00fc hen\u00fcz belirlenemeyen bir sebeple kontrolden \u00e7\u0131karak devrildi. Kazan\u0131n ard\u0131ndan b\u00f6lgeye \u00e7ok say\u0131da polis, AFAD ve jandarma ekibi sevk edildi. Kazada ilk belirlemelere&#8230;<\/p>\n","protected":false},"author":1,"featured_media":71097,"comment_status":"open","ping_status":"open","sticky":false,"template":"","format":"standard","meta":{"_crdt_document":"","footnotes":""},"categories":[5],"tags":[],"class_list":["post-71096","post","type-post","status-publish","format-standard","has-post-thumbnail","hentry","category-asayis"],"_links":{"self":[{"href":"https:\/\/www.egemtv.com\/index.php?rest_route=\/wp\/v2\/posts\/71096","targetHints":{"allow":["GET"]}}],"collection":[{"href":"https:\/\/www.egemtv.com\/index.php?rest_route=\/wp\/v2\/posts"}],"about":[{"href":"https:\/\/www.egemtv.com\/index.php?rest_route=\/wp\/v2\/types\/post"}],"author":[{"embeddable":true,"href":"https:\/\/www.egemtv.com\/index.php?rest_route=\/wp\/v2\/users\/1"}],"replies":[{"embeddable":true,"href":"https:\/\/www.egemtv.com\/index.php?rest_route=%2Fwp%2Fv2%2Fcomments&post=71096"}],"version-history":[{"count":1,"href":"https:\/\/www.egemtv.com\/index.php?rest_route=\/wp\/v2\/posts\/71096\/revisions"}],"predecessor-version":[{"id":71098,"href":"https:\/\/www.egemtv.com\/index.php?rest_route=\/wp\/v2\/posts\/71096\/revisions\/71098"}],"wp:featuredmedia":[{"embeddable":true,"href":"https:\/\/www.egemtv.com\/index.php?rest_route=\/wp\/v2\/media\/71097"}],"wp:attachment":[{"href":"https:\/\/www.egemtv.com\/index.php?rest_route=%2Fwp%2Fv2%2Fmedia&parent=71096"}],"wp:term":[{"taxonomy":"category","embeddable":true,"href":"https:\/\/www.egemtv.com\/index.php?rest_route=%2Fwp%2Fv2%2Fcategories&post=71096"},{"taxonomy":"post_tag","embeddable":true,"href":"https:\/\/www.egemtv.com\/index.php?rest_route=%2Fwp%2Fv2%2Ftags&post=71096"}],"curies":[{"name":"wp","href":"https:\/\/api.w.org\/{rel}","templated":true}]}}