{"id":71093,"date":"2025-11-30T09:34:42","date_gmt":"2025-11-30T06:34:42","guid":{"rendered":"https:\/\/www.egemtv.com\/?p=71093"},"modified":"2025-11-30T09:34:43","modified_gmt":"2025-11-30T06:34:43","slug":"karpuzluda-hayvan-sagligi-icin-calismalar-suruyor","status":"publish","type":"post","link":"https:\/\/www.egemtv.com\/?p=71093","title":{"rendered":"Karpuzlu\u2019da hayvan sa\u011fl\u0131\u011f\u0131 i\u00e7in \u00e7al\u0131\u015fmalar s\u00fcr\u00fcyor"},"content":{"rendered":"<p>Karpuzlu \u0130l\u00e7e Tar\u0131m ve Orman M\u00fcd\u00fcrl\u00fc\u011f\u00fc b\u00fcnyesindeki hayvan sa\u011fl\u0131\u011f\u0131 biriminde g\u00f6revli veteriner hekimler sahada b\u00fcy\u00fckba\u015f hayvanlar\u0131n a\u015f\u0131lamalar\u0131n\u0131 ger\u00e7ekle\u015ftirirken, jandarma ekipleri de ka\u00e7ak ve belgesiz hayvan hareketlerinin \u00f6nlenmesi amac\u0131yla yol kontrolleri de e\u015f zamanl\u0131 olarak y\u00fcr\u00fct\u00fcl\u00fcyor.<\/p>\n<p>Ayd\u0131n\u2019\u0131n Karpuzlu il\u00e7esinde bula\u015f\u0131c\u0131 hayvan hastal\u0131klar\u0131n\u0131n \u00f6nlenmesine y\u00f6nelik \u00e7al\u0131\u015fmalar aral\u0131ks\u0131z s\u00fcrd\u00fcr\u00fcl\u00fcyor. \u0130l\u00e7e genelinde hayvan hastal\u0131klar\u0131na kar\u015f\u0131 koruyucu \u00f6nlemlerin art\u0131r\u0131ld\u0131\u011f\u0131n\u0131 belirten yetkililer, veteriner hekimlerin i\u015fletmeleri tek tek ziyaret ederek b\u00fcy\u00fckba\u015f hayvanlar\u0131n a\u015f\u0131lama i\u015flemlerini titizlikle ger\u00e7ekle\u015ftirdi\u011fini, bununla birlikte \u0130l\u00e7e Jandarma Komutanl\u0131\u011f\u0131 ekipleriyle koordineli \u015fekilde yol kontrolleri yap\u0131ld\u0131\u011f\u0131n\u0131 bildirdi. Jandarma ekipleri taraf\u0131ndan yap\u0131lan denetimlerde de belgesiz ve izinsiz hayvan nakillerinin \u00f6n\u00fcne ge\u00e7ilmesinin hedeflendi\u011fi vurgulan\u0131rken, hem hayvan sa\u011fl\u0131\u011f\u0131n\u0131n korunmas\u0131 hem de salg\u0131n ihtimali risklerinin bertaraf edilmesi amac\u0131yla \u00e7al\u0131\u015fmalar\u0131n kararl\u0131l\u0131kla devam edece\u011fi ifade edildi.<\/p>\n<p>Yetkililer, hayvan yeti\u015ftiricilerinin a\u015f\u0131 ve nakil \u015fartlar\u0131 konusunda duyarl\u0131 olmalar\u0131n\u0131 isterken, kural d\u0131\u015f\u0131 uygulamalara kesinlikle m\u00fcsamaha g\u00f6sterilmeyece\u011fini de hat\u0131rlatt\u0131.<br \/><\/p>\n","protected":false},"excerpt":{"rendered":"<p>Karpuzlu \u0130l\u00e7e Tar\u0131m ve Orman M\u00fcd\u00fcrl\u00fc\u011f\u00fc b\u00fcnyesindeki hayvan sa\u011fl\u0131\u011f\u0131 biriminde g\u00f6revli veteriner hekimler sahada b\u00fcy\u00fckba\u015f hayvanlar\u0131n a\u015f\u0131lamalar\u0131n\u0131 ger\u00e7ekle\u015ftirirken, jandarma ekipleri de ka\u00e7ak ve belgesiz hayvan hareketlerinin \u00f6nlenmesi amac\u0131yla yol kontrolleri de e\u015f zamanl\u0131 olarak y\u00fcr\u00fct\u00fcl\u00fcyor. Ayd\u0131n\u2019\u0131n Karpuzlu il\u00e7esinde bula\u015f\u0131c\u0131 hayvan hastal\u0131klar\u0131n\u0131n \u00f6nlenmesine y\u00f6nelik \u00e7al\u0131\u015fmalar aral\u0131ks\u0131z s\u00fcrd\u00fcr\u00fcl\u00fcyor. \u0130l\u00e7e genelinde hayvan hastal\u0131klar\u0131na kar\u015f\u0131 koruyucu \u00f6nlemlerin art\u0131r\u0131ld\u0131\u011f\u0131n\u0131 belirten&#8230;<\/p>\n","protected":false},"author":1,"featured_media":71094,"comment_status":"open","ping_status":"open","sticky":false,"template":"","format":"standard","meta":{"_crdt_document":"","footnotes":""},"categories":[1],"tags":[],"class_list":["post-71093","post","type-post","status-publish","format-standard","has-post-thumbnail","hentry","category-guncel"],"_links":{"self":[{"href":"https:\/\/www.egemtv.com\/index.php?rest_route=\/wp\/v2\/posts\/71093","targetHints":{"allow":["GET"]}}],"collection":[{"href":"https:\/\/www.egemtv.com\/index.php?rest_route=\/wp\/v2\/posts"}],"about":[{"href":"https:\/\/www.egemtv.com\/index.php?rest_route=\/wp\/v2\/types\/post"}],"author":[{"embeddable":true,"href":"https:\/\/www.egemtv.com\/index.php?rest_route=\/wp\/v2\/users\/1"}],"replies":[{"embeddable":true,"href":"https:\/\/www.egemtv.com\/index.php?rest_route=%2Fwp%2Fv2%2Fcomments&post=71093"}],"version-history":[{"count":1,"href":"https:\/\/www.egemtv.com\/index.php?rest_route=\/wp\/v2\/posts\/71093\/revisions"}],"predecessor-version":[{"id":71095,"href":"https:\/\/www.egemtv.com\/index.php?rest_route=\/wp\/v2\/posts\/71093\/revisions\/71095"}],"wp:featuredmedia":[{"embeddable":true,"href":"https:\/\/www.egemtv.com\/index.php?rest_route=\/wp\/v2\/media\/71094"}],"wp:attachment":[{"href":"https:\/\/www.egemtv.com\/index.php?rest_route=%2Fwp%2Fv2%2Fmedia&parent=71093"}],"wp:term":[{"taxonomy":"category","embeddable":true,"href":"https:\/\/www.egemtv.com\/index.php?rest_route=%2Fwp%2Fv2%2Fcategories&post=71093"},{"taxonomy":"post_tag","embeddable":true,"href":"https:\/\/www.egemtv.com\/index.php?rest_route=%2Fwp%2Fv2%2Ftags&post=71093"}],"curies":[{"name":"wp","href":"https:\/\/api.w.org\/{rel}","templated":true}]}}