{"id":71090,"date":"2025-11-30T09:14:41","date_gmt":"2025-11-30T06:14:41","guid":{"rendered":"https:\/\/www.egemtv.com\/?p=71090"},"modified":"2025-11-30T09:14:41","modified_gmt":"2025-11-30T06:14:41","slug":"kutahyada-ustaya-selam-ogretmene-saygi-programina-yogun-ilgi","status":"publish","type":"post","link":"https:\/\/www.egemtv.com\/?p=71090","title":{"rendered":"K\u00fctahya\u2019da &#8220;Usta\u2019ya Selam, \u00d6\u011fretmen\u2019e Sayg\u0131&#8221; program\u0131na yo\u011fun ilgi"},"content":{"rendered":"<p>K\u00fctahya Y\u00fcz\u00fcnc\u00fc Y\u0131l Tarih K\u00fclt\u00fcr Sanat ve Foto\u011fraf Derne\u011fi taraf\u0131ndan d\u00fczenlenen &#8220;Usta\u2019ya Selam \u00d6\u011fretmen\u2019e Sayg\u0131&#8221; program\u0131, yo\u011fun kat\u0131l\u0131mla ger\u00e7ekle\u015ftirildi. \u00d6\u011fretmenlerin g\u00fcn\u00fcn\u00fc kutlamak ve sanat\u00e7\u0131 Ne\u015fet Erta\u015f\u2019\u0131 anmak amac\u0131yla d\u00fczenlenen etkinlik ilgi g\u00f6rd\u00fc.<br \/>\n<br \/>Etkinli\u011fe K\u00fctahya Belediye Ba\u015fkan Yard\u0131mc\u0131s\u0131 Ejderhan Gezer, Ticaret Odas\u0131 Ba\u015fkan Vekili Emin Y\u00fcce, DP\u00dc \u00d6\u011fretim \u00dcyesi Prof. Dr. Erdal Aday, \u00dclk\u00fc Ocaklar\u0131 Ba\u015fkan\u0131 \u0130lker Bukni ve \u00fcyeleri, \u0130\u015f Kurumu M\u00fcd\u00fcr\u00fc Erdo\u011fan \u015eahin ve M\u00fcd\u00fcr Yard\u0131mc\u0131s\u0131 Mustafa Kaya, \u00c7\u00f6lyak Derne\u011fi Ba\u015fkan\u0131 Nuray Say\u0131ner, \u00f6\u011fretmen, \u00f6\u011frenci ve sivil toplum kurulu\u015fu temsilcileri kat\u0131ld\u0131.<br \/>\n<br \/>K\u00fctahya Y\u00fcz\u00fcnc\u00fc Y\u0131l Tarih K\u00fclt\u00fcr Sanat ve Foto\u011fraf Derne\u011fi Ba\u015fkan\u0131 Ya\u015far Sayg\u0131l\u0131, Ne\u015fet Erta\u015f\u2019\u0131 rahmet ve minnetle and\u0131klar\u0131n\u0131 belirtti. Sayg\u0131l\u0131, &#8220;Bu anlaml\u0131 gecede bizleri yaln\u0131z b\u0131rakmayan herkese te\u015fekk\u00fcr ederiz&#8221; dedi.<br \/><\/p>\n","protected":false},"excerpt":{"rendered":"<p>K\u00fctahya Y\u00fcz\u00fcnc\u00fc Y\u0131l Tarih K\u00fclt\u00fcr Sanat ve Foto\u011fraf Derne\u011fi taraf\u0131ndan d\u00fczenlenen &#8220;Usta\u2019ya Selam \u00d6\u011fretmen\u2019e Sayg\u0131&#8221; program\u0131, yo\u011fun kat\u0131l\u0131mla ger\u00e7ekle\u015ftirildi. \u00d6\u011fretmenlerin g\u00fcn\u00fcn\u00fc kutlamak ve sanat\u00e7\u0131 Ne\u015fet Erta\u015f\u2019\u0131 anmak amac\u0131yla d\u00fczenlenen etkinlik ilgi g\u00f6rd\u00fc. Etkinli\u011fe K\u00fctahya Belediye Ba\u015fkan Yard\u0131mc\u0131s\u0131 Ejderhan Gezer, Ticaret Odas\u0131 Ba\u015fkan Vekili Emin Y\u00fcce, DP\u00dc \u00d6\u011fretim \u00dcyesi Prof. Dr. Erdal Aday, \u00dclk\u00fc Ocaklar\u0131 Ba\u015fkan\u0131&#8230;<\/p>\n","protected":false},"author":1,"featured_media":71091,"comment_status":"open","ping_status":"open","sticky":false,"template":"","format":"standard","meta":{"_crdt_document":"","footnotes":""},"categories":[1],"tags":[],"class_list":["post-71090","post","type-post","status-publish","format-standard","has-post-thumbnail","hentry","category-guncel"],"_links":{"self":[{"href":"https:\/\/www.egemtv.com\/index.php?rest_route=\/wp\/v2\/posts\/71090","targetHints":{"allow":["GET"]}}],"collection":[{"href":"https:\/\/www.egemtv.com\/index.php?rest_route=\/wp\/v2\/posts"}],"about":[{"href":"https:\/\/www.egemtv.com\/index.php?rest_route=\/wp\/v2\/types\/post"}],"author":[{"embeddable":true,"href":"https:\/\/www.egemtv.com\/index.php?rest_route=\/wp\/v2\/users\/1"}],"replies":[{"embeddable":true,"href":"https:\/\/www.egemtv.com\/index.php?rest_route=%2Fwp%2Fv2%2Fcomments&post=71090"}],"version-history":[{"count":1,"href":"https:\/\/www.egemtv.com\/index.php?rest_route=\/wp\/v2\/posts\/71090\/revisions"}],"predecessor-version":[{"id":71092,"href":"https:\/\/www.egemtv.com\/index.php?rest_route=\/wp\/v2\/posts\/71090\/revisions\/71092"}],"wp:featuredmedia":[{"embeddable":true,"href":"https:\/\/www.egemtv.com\/index.php?rest_route=\/wp\/v2\/media\/71091"}],"wp:attachment":[{"href":"https:\/\/www.egemtv.com\/index.php?rest_route=%2Fwp%2Fv2%2Fmedia&parent=71090"}],"wp:term":[{"taxonomy":"category","embeddable":true,"href":"https:\/\/www.egemtv.com\/index.php?rest_route=%2Fwp%2Fv2%2Fcategories&post=71090"},{"taxonomy":"post_tag","embeddable":true,"href":"https:\/\/www.egemtv.com\/index.php?rest_route=%2Fwp%2Fv2%2Ftags&post=71090"}],"curies":[{"name":"wp","href":"https:\/\/api.w.org\/{rel}","templated":true}]}}