{"id":71087,"date":"2025-11-30T03:34:51","date_gmt":"2025-11-30T00:34:51","guid":{"rendered":"https:\/\/www.egemtv.com\/?p=71087"},"modified":"2025-11-30T03:34:52","modified_gmt":"2025-11-30T00:34:52","slug":"usakta-otomobil-ile-otobus-carpisti-1i-agir-3-yarali","status":"publish","type":"post","link":"https:\/\/www.egemtv.com\/?p=71087","title":{"rendered":"U\u015fak\u2019ta otomobil ile otob\u00fcs \u00e7arp\u0131\u015ft\u0131: 1\u2019i a\u011f\u0131r 3 yaral\u0131"},"content":{"rendered":"<p>U\u015fak\u2019ta otomobil ile sanat\u00e7\u0131 orkestras\u0131n\u0131 ta\u015f\u0131yan otob\u00fcs\u00fcn \u00e7arp\u0131\u015fmas\u0131 sonucu 1\u2019i a\u011f\u0131r 3 ki\u015fi yaralanarak hastaneye kald\u0131r\u0131ld\u0131.<br \/>\n<br \/>Kaza, U\u015fak merkeze ba\u011fl\u0131 Durak Mahallesi Gazi Bulvar\u0131 ile ayn\u0131 mahalleye ba\u011fl\u0131 G\u00fcnsazak Caddesi\u2019nin kesi\u015fiminde meydana geldi. Edinilen bilgilere g\u00f6re, Gazi Bulvar\u0131 \u00fczerinde seyir halinde olan M.A. (36) idaresindeki 34 CVG 008 plakal\u0131 otomobil ile Gazi Bulvar\u0131\u2019ndan G\u00fcnsazak Caddesi\u2019ne d\u00f6n\u00fc\u015f yapmak isteyen A.\u00c7. (27) y\u00f6netimindeki 34 VTT 39 plakal\u0131 sanat\u00e7\u0131 orkestras\u0131n\u0131 ta\u015f\u0131yan otob\u00fcs \u00e7arp\u0131\u015ft\u0131.<br \/>\n<br \/>Vatanda\u015flar\u0131n durumu 112 Acil \u00c7a\u011fr\u0131 Merkezi\u2019ne bildirmesi \u00fczerine b\u00f6lgeye 112 sa\u011fl\u0131k, polis, itfaiye ve AFAD ekipleri sevk edildi. \u0130tfaiye ekiplerince otomobilde s\u0131k\u0131\u015fan s\u00fcr\u00fcc\u00fc ile yolcu konumunda bulunan Y.O. (28) ve S.T. (26) \u00e7\u0131kar\u0131ld\u0131. Yaral\u0131lar, sa\u011fl\u0131k ekiplerince kentteki hastanelere kald\u0131r\u0131ld\u0131. Yaral\u0131lardan S.T.\u2019nin hayati tehlikesinin bulundu\u011fu, di\u011fer yaral\u0131lar\u0131n sa\u011fl\u0131k durumlar\u0131n\u0131n iyi oldu\u011fu \u00f6\u011frenildi.<br \/>\n<br \/>\u00d6te yandan, otob\u00fcs\u00fcn \u00fcnl\u00fc sanat\u00e7\u0131 K\u0131ra\u00e7\u2019\u0131n orkestras\u0131n\u0131, bug\u00fcn U\u015fak\u2019ta bir restoranda verdikleri konserin ard\u0131ndan kent merkezindeki otele g\u00f6t\u00fcrd\u00fc\u011f\u00fc \u00f6\u011frenildi. Otob\u00fcs \u015fof\u00f6r\u00fc ise ifadesi al\u0131nmak \u00fczere polis ekiplerince karakola g\u00f6t\u00fcr\u00fcld\u00fc.<br \/><\/p>\n","protected":false},"excerpt":{"rendered":"<p>U\u015fak\u2019ta otomobil ile sanat\u00e7\u0131 orkestras\u0131n\u0131 ta\u015f\u0131yan otob\u00fcs\u00fcn \u00e7arp\u0131\u015fmas\u0131 sonucu 1\u2019i a\u011f\u0131r 3 ki\u015fi yaralanarak hastaneye kald\u0131r\u0131ld\u0131. Kaza, U\u015fak merkeze ba\u011fl\u0131 Durak Mahallesi Gazi Bulvar\u0131 ile ayn\u0131 mahalleye ba\u011fl\u0131 G\u00fcnsazak Caddesi\u2019nin kesi\u015fiminde meydana geldi. Edinilen bilgilere g\u00f6re, Gazi Bulvar\u0131 \u00fczerinde seyir halinde olan M.A. (36) idaresindeki 34 CVG 008 plakal\u0131 otomobil ile Gazi Bulvar\u0131\u2019ndan G\u00fcnsazak Caddesi\u2019ne&#8230;<\/p>\n","protected":false},"author":1,"featured_media":71088,"comment_status":"open","ping_status":"open","sticky":false,"template":"","format":"standard","meta":{"_crdt_document":"","footnotes":""},"categories":[5],"tags":[],"class_list":["post-71087","post","type-post","status-publish","format-standard","has-post-thumbnail","hentry","category-asayis"],"_links":{"self":[{"href":"https:\/\/www.egemtv.com\/index.php?rest_route=\/wp\/v2\/posts\/71087","targetHints":{"allow":["GET"]}}],"collection":[{"href":"https:\/\/www.egemtv.com\/index.php?rest_route=\/wp\/v2\/posts"}],"about":[{"href":"https:\/\/www.egemtv.com\/index.php?rest_route=\/wp\/v2\/types\/post"}],"author":[{"embeddable":true,"href":"https:\/\/www.egemtv.com\/index.php?rest_route=\/wp\/v2\/users\/1"}],"replies":[{"embeddable":true,"href":"https:\/\/www.egemtv.com\/index.php?rest_route=%2Fwp%2Fv2%2Fcomments&post=71087"}],"version-history":[{"count":1,"href":"https:\/\/www.egemtv.com\/index.php?rest_route=\/wp\/v2\/posts\/71087\/revisions"}],"predecessor-version":[{"id":71089,"href":"https:\/\/www.egemtv.com\/index.php?rest_route=\/wp\/v2\/posts\/71087\/revisions\/71089"}],"wp:featuredmedia":[{"embeddable":true,"href":"https:\/\/www.egemtv.com\/index.php?rest_route=\/wp\/v2\/media\/71088"}],"wp:attachment":[{"href":"https:\/\/www.egemtv.com\/index.php?rest_route=%2Fwp%2Fv2%2Fmedia&parent=71087"}],"wp:term":[{"taxonomy":"category","embeddable":true,"href":"https:\/\/www.egemtv.com\/index.php?rest_route=%2Fwp%2Fv2%2Fcategories&post=71087"},{"taxonomy":"post_tag","embeddable":true,"href":"https:\/\/www.egemtv.com\/index.php?rest_route=%2Fwp%2Fv2%2Ftags&post=71087"}],"curies":[{"name":"wp","href":"https:\/\/api.w.org\/{rel}","templated":true}]}}