{"id":71081,"date":"2025-11-29T21:42:41","date_gmt":"2025-11-29T18:42:41","guid":{"rendered":"https:\/\/www.egemtv.com\/?p=71081"},"modified":"2025-11-29T21:42:41","modified_gmt":"2025-11-29T18:42:41","slug":"azap-golunde-oltaya-takilan-tepeli-pelikan-balikcilarin-dikkatiyle-kurtuldu","status":"publish","type":"post","link":"https:\/\/www.egemtv.com\/?p=71081","title":{"rendered":"Azap G\u00f6l\u00fc\u2019nde oltaya tak\u0131lan tepeli pelikan bal\u0131k\u00e7\u0131lar\u0131n dikkatiyle kurtuldu"},"content":{"rendered":"<p>Nesli tehlike alt\u0131nda bulunan bir tepeli pelikan, Azap G\u00f6l\u00fc\u2019nde gagas\u0131na dolanan olta i\u011fneleri nedeniyle u\u00e7amaz hale geldi. Durumu fark eden bal\u0131k\u00e7\u0131lar, ku\u015fu dakikalar i\u00e7inde kurtararak yeniden \u00f6zg\u00fcrl\u00fc\u011fe u\u00e7mas\u0131n\u0131 sa\u011flad\u0131<br \/>\n<br \/>Ayd\u0131n\u2019\u0131n \u00f6nemli do\u011fal ya\u015fam alanlar\u0131ndan Ulusal \u00d6neme Haiz Sulak Alan stat\u00fcs\u00fcndeki Azap G\u00f6l\u00fc\u2019nde, zaman zaman say\u0131lar\u0131 250\u2019yi bulan pelikanlar, son d\u00f6nemde g\u00f6ldeki kurakl\u0131k nedeniyle daralan su alanlar\u0131nda avlanmak zorunda kalmaya ba\u015flad\u0131. G\u00f6ldeki rutin kontrolleri s\u0131ras\u0131nda Ye\u015filk\u00f6y Su \u00dcr\u00fcnleri Kooperatifi Ba\u015fkan\u0131 Fahrettin \u00d6zt\u00fcrk ve yard\u0131mc\u0131s\u0131 Ali Day\u0131, bal\u0131k avlarken bir pelikan\u0131n platformda hareketsiz durdu\u011funu fark etti. Kay\u0131kla yakla\u015ft\u0131klar\u0131nda ku\u015fun alt ve \u00fcst gagas\u0131na iki adet olta i\u011fnesinin batt\u0131\u011f\u0131n\u0131, misinan\u0131n gagas\u0131na doland\u0131\u011f\u0131n\u0131 ve bu nedenle a\u011fz\u0131n\u0131 a\u00e7amad\u0131\u011f\u0131n\u0131 g\u00f6rd\u00fcler. Ka\u00e7madan bekleyen pelikan\u0131n yard\u0131m \u00e7a\u011fr\u0131s\u0131n\u0131 kar\u015f\u0131l\u0131ks\u0131z b\u0131rakmayan bal\u0131k\u00e7\u0131lar, \u00f6nce misinay\u0131 ard\u0131ndan da i\u011fneleri dikkatle \u00e7\u0131kararak ku\u015fu kurtard\u0131. \u00d6zg\u00fcrl\u00fc\u011f\u00fcne kavu\u015fan pelikan k\u0131sa s\u00fcre sonra kanatlanarak g\u00f6l \u00fczerinde uzakla\u015ft\u0131. Azap G\u00f6l\u00fc\u2019nde oltayla bal\u0131k avlanmad\u0131\u011f\u0131 i\u00e7in pelikan\u0131n muhtemelen B\u00fcy\u00fck Menderes Deltas\u0131\u2019nda oltaya tak\u0131ld\u0131\u011f\u0131 d\u00fc\u015f\u00fcnd\u00fcklerini ifade eden Ekosistemi Koruma ve Do\u011fa Sevenler Derne\u011fi (EKODOSD) Ba\u015fkan\u0131 Bahattin S\u00fcr\u00fcc\u00fc; &#8220;Ulusal \u00d6neme Haiz Sulak Alan olan Azap G\u00f6l\u00fc b\u00f6lgemizin en b\u00fcy\u00fck tatl\u0131 su g\u00f6l\u00fc olup, \u00f6zellikle ku\u015flar i\u00e7in \u00e7ok b\u00fcy\u00fck \u00f6nemi bulunmaktad\u0131r. Azap G\u00f6l\u00fc\u2019n\u00fcn en \u00f6nemli ku\u015f t\u00fcrlerinden biri olan Nesli Tehlike Alt\u0131nda bulunan Tepeli Pelikan (Pelacanus crispus)\u2019lar,  beslenmelerini g\u00f6ldeki bal\u0131klardan sa\u011flamaktad\u0131r. \u00dclkemizdeki sulak alanlar\u0131 istila eden, yerel t\u00fcrlerimizi yok eden \u0130srail Sazan\u0131, pelikanlar\u0131n en temel besinleri aras\u0131nda bulunmaktad\u0131r. B\u00fcy\u00fck Menderes Deltas\u0131\u2019ndan hemen her g\u00fcn Azap G\u00f6l\u00fc\u2019ne pelikanlar gelmektedir. Zaman zaman say\u0131lar\u0131 250\u2019yi bulan pelikanlar, bu y\u0131l ya\u015fanan kurakl\u0131k nedeniyle neredeyse kurumaya y\u00fcz tutan Azap G\u00f6l\u00fc\u2019n\u00fcn kalan sular\u0131nda bal\u0131klar\u0131 avlad\u0131klar\u0131 g\u00f6r\u00fclmektedir. Bug\u00fcn g\u00f6lde kay\u0131kla giden Ye\u015filk\u00f6y Su \u00dcr\u00fcnleri Kooperatifi Ba\u015fkan\u0131 Fahrettin \u00d6zt\u00fcrk ve yard\u0131mc\u0131s\u0131 Ali Day\u0131, her g\u00fcn g\u00f6rd\u00fckleri pelikanlardan birinin hareketlerinde olumsuz bir \u015fey farkederler. Di\u011ferleri bal\u0131k avlarken pelikanlardan birinin platformun \u00fczerinde durdu\u011funu ve ka\u00e7mad\u0131\u011f\u0131n\u0131 g\u00f6r\u00fcnce kay\u0131kla yan\u0131na yakla\u015f\u0131rlar. Pelikan\u0131n alt ve \u00fcst gagalar\u0131na 2 adet olta i\u011fnesinin batt\u0131\u011f\u0131n\u0131 ve misinayla gagay\u0131 doland\u0131\u011f\u0131n\u0131 ve gagas\u0131n\u0131n a\u00e7\u0131lmad\u0131\u011f\u0131n\u0131 g\u00f6rm\u00fc\u015fler. Adeta yard\u0131m edilmesini beklercesine hi\u00e7 hareket etmeyen pelikan\u0131n gagas\u0131ndan \u00f6nce misinalar\u0131 sonra da olta i\u011fnelerini \u00e7\u0131kararak kurtarm\u0131\u015flar. \u0130\u011fnelerden ve misinalardan kurtulan pelikan birden havalanarak \u00f6zg\u00fcrl\u00fc\u011fe kanat \u00e7\u0131rp\u0131p gitmi\u015f. Azap G\u00f6l\u00fc\u2019nde oltayla bal\u0131k avlanm\u0131yor. Pelikan muhtemelen olta i\u011fnelerine delta da yakalanm\u0131\u015f olabilir. Her zaman beslenmek i\u00e7in geldi\u011fi Azap G\u00f6l\u00fc\u2019n\u00fc bildi\u011finden, buraya gelmi\u015f. Bal\u0131k\u00e7\u0131lar\u0131n dikkati onun kurtulmas\u0131n\u0131 sa\u011flam\u0131\u015f. E\u011fer bal\u0131k\u00e7\u0131lar farketmese, nesli tehlike alt\u0131nda bulunan bir pelikan daha yok olacakt\u0131. Fahrettin \u00d6zt\u00fcrk ve Ali Day\u0131\u2019ya dikkatli ve duyarl\u0131l\u0131klar\u0131 i\u00e7in te\u015fekk\u00fcr ederiz&#8221; dedi.<br \/><\/p>\n","protected":false},"excerpt":{"rendered":"<p>Nesli tehlike alt\u0131nda bulunan bir tepeli pelikan, Azap G\u00f6l\u00fc\u2019nde gagas\u0131na dolanan olta i\u011fneleri nedeniyle u\u00e7amaz hale geldi. Durumu fark eden bal\u0131k\u00e7\u0131lar, ku\u015fu dakikalar i\u00e7inde kurtararak yeniden \u00f6zg\u00fcrl\u00fc\u011fe u\u00e7mas\u0131n\u0131 sa\u011flad\u0131 Ayd\u0131n\u2019\u0131n \u00f6nemli do\u011fal ya\u015fam alanlar\u0131ndan Ulusal \u00d6neme Haiz Sulak Alan stat\u00fcs\u00fcndeki Azap G\u00f6l\u00fc\u2019nde, zaman zaman say\u0131lar\u0131 250\u2019yi bulan pelikanlar, son d\u00f6nemde g\u00f6ldeki kurakl\u0131k nedeniyle daralan su&#8230;<\/p>\n","protected":false},"author":1,"featured_media":71082,"comment_status":"open","ping_status":"open","sticky":false,"template":"","format":"standard","meta":{"_crdt_document":"","footnotes":""},"categories":[1],"tags":[],"class_list":["post-71081","post","type-post","status-publish","format-standard","has-post-thumbnail","hentry","category-guncel"],"_links":{"self":[{"href":"https:\/\/www.egemtv.com\/index.php?rest_route=\/wp\/v2\/posts\/71081","targetHints":{"allow":["GET"]}}],"collection":[{"href":"https:\/\/www.egemtv.com\/index.php?rest_route=\/wp\/v2\/posts"}],"about":[{"href":"https:\/\/www.egemtv.com\/index.php?rest_route=\/wp\/v2\/types\/post"}],"author":[{"embeddable":true,"href":"https:\/\/www.egemtv.com\/index.php?rest_route=\/wp\/v2\/users\/1"}],"replies":[{"embeddable":true,"href":"https:\/\/www.egemtv.com\/index.php?rest_route=%2Fwp%2Fv2%2Fcomments&post=71081"}],"version-history":[{"count":1,"href":"https:\/\/www.egemtv.com\/index.php?rest_route=\/wp\/v2\/posts\/71081\/revisions"}],"predecessor-version":[{"id":71083,"href":"https:\/\/www.egemtv.com\/index.php?rest_route=\/wp\/v2\/posts\/71081\/revisions\/71083"}],"wp:featuredmedia":[{"embeddable":true,"href":"https:\/\/www.egemtv.com\/index.php?rest_route=\/wp\/v2\/media\/71082"}],"wp:attachment":[{"href":"https:\/\/www.egemtv.com\/index.php?rest_route=%2Fwp%2Fv2%2Fmedia&parent=71081"}],"wp:term":[{"taxonomy":"category","embeddable":true,"href":"https:\/\/www.egemtv.com\/index.php?rest_route=%2Fwp%2Fv2%2Fcategories&post=71081"},{"taxonomy":"post_tag","embeddable":true,"href":"https:\/\/www.egemtv.com\/index.php?rest_route=%2Fwp%2Fv2%2Ftags&post=71081"}],"curies":[{"name":"wp","href":"https:\/\/api.w.org\/{rel}","templated":true}]}}