{"id":71078,"date":"2025-11-29T19:54:58","date_gmt":"2025-11-29T16:54:58","guid":{"rendered":"https:\/\/www.egemtv.com\/?p=71078"},"modified":"2025-11-29T19:54:59","modified_gmt":"2025-11-29T16:54:59","slug":"nazillide-11-okul-yesil-adimlar-projesi-baslatti","status":"publish","type":"post","link":"https:\/\/www.egemtv.com\/?p=71078","title":{"rendered":"Nazilli\u2019de 11 okul \u2019Ye\u015fil Ad\u0131mlar Projesi\u2019 ba\u015flatt\u0131"},"content":{"rendered":"<p>Ayd\u0131n\u2019\u0131n Nazilli il\u00e7esinde 11 okulun kat\u0131l\u0131m\u0131yla \u2018Ye\u015fil ad\u0131mlar projesi\u2019 hayata ge\u00e7irildi. Zafer \u0130lkokulunun ev sahipli\u011finde d\u00fczenlenen ilk etkinlikte \u2018Ekolojik Pazar\u2019 projesi tan\u0131t\u0131ld\u0131.<\/p>\n<p>Zafer \u0130lkokulu\u2019nun ev sahipli\u011finde d\u00fczenlenen programa \u0130l\u00e7e Milli E\u011fitim M\u00fcd\u00fcr\u00fc \u0130smail \u015eim\u015fek ba\u015fta olmak \u00fczere Nazilli Orman \u0130\u015fletme M\u00fcd\u00fcrl\u00fc\u011f\u00fc yetkilileri, Milli E\u011fitim \u015eube M\u00fcd\u00fcrleri, okul m\u00fcd\u00fcrleri, \u00f6\u011fretmenler ve \u00f6\u011frenciler kat\u0131ld\u0131. Proje kapsam\u0131nda okul bah\u00e7esinde kurulan \u2018Ekolojik Pazar\u2019 g\u00f6r\u00fcc\u00fcye \u00e7\u0131karken \u00f6te yandan da proje i\u00e7eri\u011fi tan\u0131t\u0131ld\u0131. Nazilli Orman \u0130\u015fletme M\u00fcd\u00fcrl\u00fc\u011f\u00fc taraf\u0131ndan orman yang\u0131nlar\u0131 ile m\u00fccadelede kullan\u0131lan alet ve ekipmanlar da tan\u0131t\u0131l\u0131rken \u00f6\u011frencilere uygulama da yapt\u0131r\u0131ld\u0131.<\/p>\n<p>Nazilli \u0130l\u00e7e Milli E\u011fitim M\u00fcd\u00fcrl\u00fc\u011f\u00fc himayesinde 11 okul taraf\u0131ndan y\u00fcr\u00fct\u00fclen projenin ilk etkinli\u011fini Zafer \u0130lkokulu M\u00fcd\u00fcr\u00fc Hidayet \u00d6zdemir\u2019in \u00f6nc\u00fcl\u00fc\u011f\u00fcnde, M\u00fcd\u00fcr Yard\u0131mc\u0131lar\u0131 Ufuk \u00c7a\u011flayan ve \u0130brahim M\u0131s\u0131r\u2019\u0131n koordinasyonunda ger\u00e7ekle\u015ftiren ekip, \u2018Ye\u015fil Ad\u0131mlar Projesi\u2019nin tan\u0131t\u0131m\u0131n\u0131n yan\u0131s\u0131ra konuklara bir de renkli etkinlik d\u00fczenledi. Okulun 3\/B S\u0131n\u0131f\u0131 Halk Oyunlar\u0131 ekibinin g\u00f6sterilerinin ard\u0131ndan \u0130ngilizce \u00d6\u011fretmeni G\u00fcl\u00e7in \u00c7elik ve 3\/D s\u0131n\u0131f, \u00d6\u011fretmeni Fikret Sar\u0131\u2019n\u0131n oynad\u0131\u011f\u0131 Kerimo\u011flu Zeybe\u011fi b\u00fcy\u00fck be\u011feni toplad\u0131.<br \/><\/p>\n","protected":false},"excerpt":{"rendered":"<p>Ayd\u0131n\u2019\u0131n Nazilli il\u00e7esinde 11 okulun kat\u0131l\u0131m\u0131yla \u2018Ye\u015fil ad\u0131mlar projesi\u2019 hayata ge\u00e7irildi. Zafer \u0130lkokulunun ev sahipli\u011finde d\u00fczenlenen ilk etkinlikte \u2018Ekolojik Pazar\u2019 projesi tan\u0131t\u0131ld\u0131. Zafer \u0130lkokulu\u2019nun ev sahipli\u011finde d\u00fczenlenen programa \u0130l\u00e7e Milli E\u011fitim M\u00fcd\u00fcr\u00fc \u0130smail \u015eim\u015fek ba\u015fta olmak \u00fczere Nazilli Orman \u0130\u015fletme M\u00fcd\u00fcrl\u00fc\u011f\u00fc yetkilileri, Milli E\u011fitim \u015eube M\u00fcd\u00fcrleri, okul m\u00fcd\u00fcrleri, \u00f6\u011fretmenler ve \u00f6\u011frenciler kat\u0131ld\u0131. Proje kapsam\u0131nda okul&#8230;<\/p>\n","protected":false},"author":1,"featured_media":71079,"comment_status":"open","ping_status":"open","sticky":false,"template":"","format":"standard","meta":{"_crdt_document":"","footnotes":""},"categories":[1],"tags":[],"class_list":["post-71078","post","type-post","status-publish","format-standard","has-post-thumbnail","hentry","category-guncel"],"_links":{"self":[{"href":"https:\/\/www.egemtv.com\/index.php?rest_route=\/wp\/v2\/posts\/71078","targetHints":{"allow":["GET"]}}],"collection":[{"href":"https:\/\/www.egemtv.com\/index.php?rest_route=\/wp\/v2\/posts"}],"about":[{"href":"https:\/\/www.egemtv.com\/index.php?rest_route=\/wp\/v2\/types\/post"}],"author":[{"embeddable":true,"href":"https:\/\/www.egemtv.com\/index.php?rest_route=\/wp\/v2\/users\/1"}],"replies":[{"embeddable":true,"href":"https:\/\/www.egemtv.com\/index.php?rest_route=%2Fwp%2Fv2%2Fcomments&post=71078"}],"version-history":[{"count":1,"href":"https:\/\/www.egemtv.com\/index.php?rest_route=\/wp\/v2\/posts\/71078\/revisions"}],"predecessor-version":[{"id":71080,"href":"https:\/\/www.egemtv.com\/index.php?rest_route=\/wp\/v2\/posts\/71078\/revisions\/71080"}],"wp:featuredmedia":[{"embeddable":true,"href":"https:\/\/www.egemtv.com\/index.php?rest_route=\/wp\/v2\/media\/71079"}],"wp:attachment":[{"href":"https:\/\/www.egemtv.com\/index.php?rest_route=%2Fwp%2Fv2%2Fmedia&parent=71078"}],"wp:term":[{"taxonomy":"category","embeddable":true,"href":"https:\/\/www.egemtv.com\/index.php?rest_route=%2Fwp%2Fv2%2Fcategories&post=71078"},{"taxonomy":"post_tag","embeddable":true,"href":"https:\/\/www.egemtv.com\/index.php?rest_route=%2Fwp%2Fv2%2Ftags&post=71078"}],"curies":[{"name":"wp","href":"https:\/\/api.w.org\/{rel}","templated":true}]}}