{"id":71075,"date":"2025-11-29T19:54:57","date_gmt":"2025-11-29T16:54:57","guid":{"rendered":"https:\/\/www.egemtv.com\/?p=71075"},"modified":"2025-11-29T19:54:58","modified_gmt":"2025-11-29T16:54:58","slug":"nazillide-munazara-turnuvasina-yogun-ilgi","status":"publish","type":"post","link":"https:\/\/www.egemtv.com\/?p=71075","title":{"rendered":"Nazilli\u2019de M\u00fcnazara Turnuvas\u0131\u2019na yo\u011fun ilgi"},"content":{"rendered":"<p>Ayd\u0131n Nazilli Sosyal Bilimler Lisesi, 5\u2019incisini d\u00fczenledi\u011fi Liseler Aras\u0131 M\u00fcnazara Turnuvas\u0131 ile renkli g\u00f6r\u00fcnt\u00fclere sahne oldu. Ayd\u0131n ve farkl\u0131 illerden gelen \u00f6\u011frencilerin m\u00fcnazara etkinli\u011fi b\u00fcy\u00fck ilgi g\u00f6rd\u00fc.<\/p>\n<p>Nazilli Sosyal Bilimler Lisesi M\u00fcd\u00fcr\u00fc Burak S\u00f6zer ve Koordinat\u00f6r \u00d6\u011fretmen \u00d6zlem Karabacak \u00f6nc\u00fcl\u00fc\u011f\u00fcnde d\u00fczenlenen ve 2 g\u00fcn s\u00fcren turnuva boyunca kat\u0131lan tak\u0131mlar ekonomi, \u00e7evre, sosyal ili\u015fkiler, medya, yapay zeka gibi konulardan se\u00e7ilen ma\u00e7 konular\u0131yla k\u0131yas\u0131ya yar\u0131\u015ft\u0131lar. Turnuvan\u0131n 2. g\u00fcn\u00fcnde 2 ki\u015fiden olu\u015fan 56 tak\u0131mdan puan \u00fcst\u00fcnl\u00fc\u011f\u00fcyle belirlenen 16 tak\u0131m \u00e7eyrek finalde yer ald\u0131. En \u00e7ok puan alan Bursa ve Denizli Sosyal Bilimler Liselerinden kat\u0131lan 4 tak\u0131m da final etab\u0131nda felsefi bir konuda m\u00fcnazara ma\u00e7\u0131 yapt\u0131lar. Bursa SBL\u2019den kat\u0131lan tak\u0131m\u0131n j\u00fcri taraf\u0131ndan \u015fampiyon ilan edilmesiyle turnuva sona erdi. Finalist tak\u0131mlara hediye \u00e7ekleri ve plaket, \u015fampiyon tak\u0131ma da \u015fampiyonluk kupas\u0131 verilerek \u00f6d\u00fcllendirildi.<\/p>\n<p>Farl\u0131 illerden 112 yar\u0131\u015fmac\u0131 kat\u0131ld\u0131<br \/>\n<br \/>M\u00fcnazara turnuvas\u0131 ile ilgili okul y\u00f6netiminden yap\u0131lan bilgilendirmede &#8220;Nazilli Sosyal Bilimler Lisesi olarak bu y\u0131l 5.\u2019sini d\u00fczenledi\u011fimiz NSBL Liseler Aras\u0131 M\u00fcnazara Turnuvas\u0131na ev sahipli\u011fi yapmaktan mutluluk duyuyoruz. \u2018Parlamenter m\u00fcnazara\u2019 format\u0131nda yapt\u0131\u011f\u0131m\u0131z turnuvam\u0131zda il genelinden farkl\u0131 okullardan gelen 112 yar\u0131\u015fmac\u0131, tecr\u00fcbeli 21 j\u00fcri \u00fcyesi ve organizasyonda yer alan 60 ki\u015filik ekibimizle 2 g\u00fcn boyunca hem e\u011flenip hem de \u00f6\u011frendik. Bursa, Denizli, \u0130zmir, Ayd\u0131n ve Nazilli\u2019nin \u00f6nde gelen okullar\u0131ndan kat\u0131lan \u00f6\u011frencilerimizi okulumuzda a\u011f\u0131rlamaktan memnuniyet duyduk. Lise \u00f6\u011frencilerinin entelekt\u00fcel d\u00fczeylerinin artmas\u0131na, hitabet yeteneklerinin ve sosyal becerilerinin geli\u015fmesine katk\u0131 sa\u011flayan organizasyonumuz okulumuzun tan\u0131t\u0131m\u0131na da olumlu katk\u0131 sa\u011flamaktad\u0131r. \u00d6\u011frencilerin m\u00fcnazara sayesinde elde ettikleri tecr\u00fcbeler onlar\u0131 hem akademik hem de sosyal hayata haz\u0131rlamaktad\u0131r. Okulumuzun ad\u0131n\u0131 marka haline gelmesini sa\u011flayan bu tarz etkinlikleri d\u00fczenleyerek gen\u00e7lerimizin geleceklerine dokunmaya devam edece\u011fiz&#8221; ifadelerine yer verildi.<br \/><\/p>\n","protected":false},"excerpt":{"rendered":"<p>Ayd\u0131n Nazilli Sosyal Bilimler Lisesi, 5\u2019incisini d\u00fczenledi\u011fi Liseler Aras\u0131 M\u00fcnazara Turnuvas\u0131 ile renkli g\u00f6r\u00fcnt\u00fclere sahne oldu. Ayd\u0131n ve farkl\u0131 illerden gelen \u00f6\u011frencilerin m\u00fcnazara etkinli\u011fi b\u00fcy\u00fck ilgi g\u00f6rd\u00fc. Nazilli Sosyal Bilimler Lisesi M\u00fcd\u00fcr\u00fc Burak S\u00f6zer ve Koordinat\u00f6r \u00d6\u011fretmen \u00d6zlem Karabacak \u00f6nc\u00fcl\u00fc\u011f\u00fcnde d\u00fczenlenen ve 2 g\u00fcn s\u00fcren turnuva boyunca kat\u0131lan tak\u0131mlar ekonomi, \u00e7evre, sosyal ili\u015fkiler, medya, yapay&#8230;<\/p>\n","protected":false},"author":1,"featured_media":71076,"comment_status":"open","ping_status":"open","sticky":false,"template":"","format":"standard","meta":{"_crdt_document":"","footnotes":""},"categories":[1],"tags":[],"class_list":["post-71075","post","type-post","status-publish","format-standard","has-post-thumbnail","hentry","category-guncel"],"_links":{"self":[{"href":"https:\/\/www.egemtv.com\/index.php?rest_route=\/wp\/v2\/posts\/71075","targetHints":{"allow":["GET"]}}],"collection":[{"href":"https:\/\/www.egemtv.com\/index.php?rest_route=\/wp\/v2\/posts"}],"about":[{"href":"https:\/\/www.egemtv.com\/index.php?rest_route=\/wp\/v2\/types\/post"}],"author":[{"embeddable":true,"href":"https:\/\/www.egemtv.com\/index.php?rest_route=\/wp\/v2\/users\/1"}],"replies":[{"embeddable":true,"href":"https:\/\/www.egemtv.com\/index.php?rest_route=%2Fwp%2Fv2%2Fcomments&post=71075"}],"version-history":[{"count":1,"href":"https:\/\/www.egemtv.com\/index.php?rest_route=\/wp\/v2\/posts\/71075\/revisions"}],"predecessor-version":[{"id":71077,"href":"https:\/\/www.egemtv.com\/index.php?rest_route=\/wp\/v2\/posts\/71075\/revisions\/71077"}],"wp:featuredmedia":[{"embeddable":true,"href":"https:\/\/www.egemtv.com\/index.php?rest_route=\/wp\/v2\/media\/71076"}],"wp:attachment":[{"href":"https:\/\/www.egemtv.com\/index.php?rest_route=%2Fwp%2Fv2%2Fmedia&parent=71075"}],"wp:term":[{"taxonomy":"category","embeddable":true,"href":"https:\/\/www.egemtv.com\/index.php?rest_route=%2Fwp%2Fv2%2Fcategories&post=71075"},{"taxonomy":"post_tag","embeddable":true,"href":"https:\/\/www.egemtv.com\/index.php?rest_route=%2Fwp%2Fv2%2Ftags&post=71075"}],"curies":[{"name":"wp","href":"https:\/\/api.w.org\/{rel}","templated":true}]}}