{"id":71063,"date":"2025-11-29T17:34:42","date_gmt":"2025-11-29T14:34:42","guid":{"rendered":"https:\/\/www.egemtv.com\/?p=71063"},"modified":"2025-11-29T17:34:43","modified_gmt":"2025-11-29T14:34:43","slug":"sduden-emekli-ogretim-uyesi-evinde-olu-bulundu","status":"publish","type":"post","link":"https:\/\/www.egemtv.com\/?p=71063","title":{"rendered":"SD\u00dc\u2019den emekli \u00f6\u011fretim \u00fcyesi evinde \u00f6l\u00fc bulundu"},"content":{"rendered":"<p>Isparta\u2019da S\u00fcleyman Demirel \u00dcniversitesi\u2019nden (SD\u00dc) yeni emekli olan \u00f6\u011fretim \u00fcyesi, yaln\u0131z ya\u015fad\u0131\u011f\u0131 evinde temizlik\u00e7isi taraf\u0131ndan \u00f6l\u00fc bulundu.<br \/>\n<br \/>Olay, ge\u00e7ti\u011fimiz g\u00fcn ak\u015fam saatlerinde E\u011firdir il\u00e7esi Yazla Mahallesi Ser\u00e7e Sokak\u2019ta meydana geldi. Edinilen bilgiye g\u00f6re, yeni emekli S\u00fcleyman Demirel \u00dcniversitesi Arap\u00e7a Dili \u00d6\u011fretim \u00dcyesi Emine Ers\u00f6z (59), temizlik\u00e7isi M\u00fczeyyen \u0130. taraf\u0131ndan evinde hareketsiz halde bulunarak 112 Acil \u00c7a\u011fr\u0131 Merkezine bildirildi. Olay yerine sevk edilen polis ve sa\u011fl\u0131k ekiplerinin yapt\u0131\u011f\u0131 kontrollerde Ers\u00f6z\u2019\u00fcn ya\u015fam\u0131n\u0131 yitirdi\u011fi belirlendi.<br \/>\n<br \/>Temizlik\u00e7i  M\u00fczeyyen \u0130. ifadesinde, saat 12.00 civar\u0131nda Ers\u00f6z\u2019\u00fcn uyudu\u011funu ve ila\u00e7lar\u0131n\u0131 ald\u0131\u011f\u0131n\u0131 g\u00f6rd\u00fc\u011f\u00fcn\u00fc, saat 16.00 s\u0131ralar\u0131nda ise hareketsiz yatt\u0131\u011f\u0131n\u0131 fark etmesi \u00fczerine sa\u011fl\u0131k ekiplerini arad\u0131\u011f\u0131n\u0131 s\u00f6yledi. Ers\u00f6z\u2019\u00fcn kronik tansiyon, kalp ve \u015feker hastas\u0131 oldu\u011fu \u00f6\u011frenildi. Olayla ilgili soru\u015fturma ba\u015flat\u0131ld\u0131. Ers\u00f6z\u2019\u00fcn cans\u0131z bedeni, E\u011firdir Devlet Hastanesi morguna kald\u0131r\u0131ld\u0131 ve kesin \u00f6l\u00fcm sebebinin yap\u0131lacak otopsinin ard\u0131ndan belli olaca\u011f\u0131 bildirildi.<br \/><\/p>\n","protected":false},"excerpt":{"rendered":"<p>Isparta\u2019da S\u00fcleyman Demirel \u00dcniversitesi\u2019nden (SD\u00dc) yeni emekli olan \u00f6\u011fretim \u00fcyesi, yaln\u0131z ya\u015fad\u0131\u011f\u0131 evinde temizlik\u00e7isi taraf\u0131ndan \u00f6l\u00fc bulundu. Olay, ge\u00e7ti\u011fimiz g\u00fcn ak\u015fam saatlerinde E\u011firdir il\u00e7esi Yazla Mahallesi Ser\u00e7e Sokak\u2019ta meydana geldi. Edinilen bilgiye g\u00f6re, yeni emekli S\u00fcleyman Demirel \u00dcniversitesi Arap\u00e7a Dili \u00d6\u011fretim \u00dcyesi Emine Ers\u00f6z (59), temizlik\u00e7isi M\u00fczeyyen \u0130. taraf\u0131ndan evinde hareketsiz halde bulunarak 112 Acil&#8230;<\/p>\n","protected":false},"author":1,"featured_media":71064,"comment_status":"open","ping_status":"open","sticky":false,"template":"","format":"standard","meta":{"_crdt_document":"","footnotes":""},"categories":[5],"tags":[],"class_list":["post-71063","post","type-post","status-publish","format-standard","has-post-thumbnail","hentry","category-asayis"],"_links":{"self":[{"href":"https:\/\/www.egemtv.com\/index.php?rest_route=\/wp\/v2\/posts\/71063","targetHints":{"allow":["GET"]}}],"collection":[{"href":"https:\/\/www.egemtv.com\/index.php?rest_route=\/wp\/v2\/posts"}],"about":[{"href":"https:\/\/www.egemtv.com\/index.php?rest_route=\/wp\/v2\/types\/post"}],"author":[{"embeddable":true,"href":"https:\/\/www.egemtv.com\/index.php?rest_route=\/wp\/v2\/users\/1"}],"replies":[{"embeddable":true,"href":"https:\/\/www.egemtv.com\/index.php?rest_route=%2Fwp%2Fv2%2Fcomments&post=71063"}],"version-history":[{"count":1,"href":"https:\/\/www.egemtv.com\/index.php?rest_route=\/wp\/v2\/posts\/71063\/revisions"}],"predecessor-version":[{"id":71065,"href":"https:\/\/www.egemtv.com\/index.php?rest_route=\/wp\/v2\/posts\/71063\/revisions\/71065"}],"wp:featuredmedia":[{"embeddable":true,"href":"https:\/\/www.egemtv.com\/index.php?rest_route=\/wp\/v2\/media\/71064"}],"wp:attachment":[{"href":"https:\/\/www.egemtv.com\/index.php?rest_route=%2Fwp%2Fv2%2Fmedia&parent=71063"}],"wp:term":[{"taxonomy":"category","embeddable":true,"href":"https:\/\/www.egemtv.com\/index.php?rest_route=%2Fwp%2Fv2%2Fcategories&post=71063"},{"taxonomy":"post_tag","embeddable":true,"href":"https:\/\/www.egemtv.com\/index.php?rest_route=%2Fwp%2Fv2%2Ftags&post=71063"}],"curies":[{"name":"wp","href":"https:\/\/api.w.org\/{rel}","templated":true}]}}