{"id":71060,"date":"2025-11-29T17:34:41","date_gmt":"2025-11-29T14:34:41","guid":{"rendered":"https:\/\/www.egemtv.com\/?p=71060"},"modified":"2025-11-29T17:34:42","modified_gmt":"2025-11-29T14:34:42","slug":"hayat-boyu-ogrenmede-yeni-yol-haritasi","status":"publish","type":"post","link":"https:\/\/www.egemtv.com\/?p=71060","title":{"rendered":"Hayat boyu \u00f6\u011frenmede yeni yol haritas\u0131"},"content":{"rendered":"<p>\u0130zmir \u0130l Milli E\u011fitim M\u00fcd\u00fcrl\u00fc\u011f\u00fcn\u00fcn d\u00fczenledi\u011fi \u00e7al\u0131\u015ftayda, hayat boyu \u00f6\u011frenme faaliyetlerinin mevcut durumu de\u011ferlendirilerek ihtiya\u00e7lar ve \u00e7\u00f6z\u00fcm \u00f6nerileri ele al\u0131nd\u0131. Dijitalle\u015fme ve ye\u015fil d\u00f6n\u00fc\u015f\u00fcm oda\u011f\u0131nda geli\u015ftirilen proje fikirleriyle, \u0130zmir\u2019de \u00f6\u011frenme k\u00fclt\u00fcr\u00fcn\u00fcn g\u00fc\u00e7lendirilmesi hedeflendi.<br \/>\n<br \/>\u0130zmir \u0130l Milli E\u011fitim M\u00fcd\u00fcrl\u00fc\u011f\u00fc taraf\u0131ndan Gaziemir \u015eehit Mustafa Yaman \u0130mam Hatip Lisesi Konferans Salonunda &#8220;Hayat Boyu \u00d6\u011frenmeyi \u0130zleme, De\u011ferlendirme ve Geli\u015ftirme \u00c7al\u0131\u015ftay\u0131&#8221; d\u00fczenlendi. \u00c7al\u0131\u015ftay\u0131n amac\u0131, \u0130zmir genelinde hayat boyu \u00f6\u011frenme faaliyetlerinin mevcut durumunu analiz etmek, g\u00fc\u00e7l\u00fc y\u00f6nlerini belirlemek, eri\u015fim ve fark\u0131ndal\u0131k d\u00fczeyini art\u0131rmaya y\u00f6nelik stratejiler geli\u015ftirmek, mesleki geli\u015fim ve istihdama katk\u0131y\u0131 g\u00fc\u00e7lendirmek, sosyal ve k\u00fclt\u00fcrel kat\u0131l\u0131mlar\u0131 desteklemek olarak belirlendi. \u00c7al\u0131\u015ftaya, \u0130zmir \u0130l Milli E\u011fitim M\u00fcd\u00fcr\u00fc Dr. \u00d6mer Yah\u015fi, \u0130zmir \u0130l Milli E\u011fitim M\u00fcd\u00fcr Yard\u0131mc\u0131s\u0131 Firdevs \u00c7atalkaya, \u0130zmir \u0130l Milli E\u011fitim \u015eube M\u00fcd\u00fcr\u00fc Ay\u015fe Hale Sar\u0131\u00e7am, \u0130zmir\u2019in farkl\u0131 il\u00e7elerinden \u0130l\u00e7e Milli E\u011fitim \u015eube M\u00fcd\u00fcrleri, Halk E\u011fitimi Merkezi M\u00fcd\u00fcrleri, Olgunla\u015fma Enstit\u00fcs\u00fc M\u00fcd\u00fcrleri, \u00fcniversite temsilcileri, sivil toplum kurulu\u015flar\u0131 temsilcileri ve yerel y\u00f6netim yetkilileri kat\u0131ld\u0131.<\/p>\n<p>Vizyoner eylem \u00e7al\u0131\u015ftay modeli uyguland\u0131<br \/>\n<br \/>A\u00e7\u0131l\u0131\u015f konu\u015fmas\u0131n\u0131 yapan \u0130zmir \u0130l Milli E\u011fitim \u015eube M\u00fcd\u00fcr\u00fc Ay\u015fe Hale Sar\u0131\u00e7am, \u0130zmir\u2019in yenilik\u00e7i ve \u00fcretken yap\u0131s\u0131na dikkat \u00e7ekerek, hayat boyu \u00f6\u011frenmenin g\u00fc\u00e7l\u00fc bir yap\u0131ya kavu\u015fmas\u0131 i\u00e7in y\u00fcr\u00fct\u00fclen \u00e7al\u0131\u015fmalar\u0131n \u00f6nemini vurgulad\u0131. Sar\u0131\u00e7am, il\u00e7elerde s\u00fcrd\u00fcr\u00fclen faaliyetler ile \u0130zmir Olgunla\u015fma Enstit\u00fcs\u00fcn\u00fcn k\u00fclt\u00fcrel miras\u0131 \u00e7a\u011f\u0131n ihtiya\u00e7lar\u0131yla bulu\u015fturan \u00fcretim g\u00fcc\u00fcn\u00fcn, \u00f6\u011frenme s\u00fcrecine de\u011fer katt\u0131\u011f\u0131n\u0131 belirtti. \u00c7al\u0131\u015ftay\u0131n amac\u0131n\u0131n sadece de\u011ferlendirme yapmak de\u011fil, &#8220;Daha iyisini nas\u0131l yapar\u0131z?&#8221; sorusuna somut cevaplar \u00fcretmek oldu\u011funu ifade ederek, t\u00fcm kat\u0131l\u0131mc\u0131lara te\u015fekk\u00fcr etti. \u00c7al\u0131\u015ftay kapsam\u0131nda \u2019Vizyoner Eylem \u00c7al\u0131\u015ftay Modeli\u2019 uyguland\u0131. Farkl\u0131 masa gruplar\u0131nda ele al\u0131nan konular aras\u0131nda Halk E\u011fitimi Merkezlerinin mevcut durum analizi, Olgunla\u015fma Enstit\u00fclerinin i\u015fleyi\u015fi, altyap\u0131s\u0131 ve kat\u0131l\u0131m boyutu, yerel d\u00fczeyde sunulan imkanlar, mesleki geli\u015fim, istihdam ve sosyal-k\u00fclt\u00fcrel hayata katk\u0131lar, hayat boyu \u00f6\u011frenmede e\u011fitim programlar\u0131, eri\u015fim, fark\u0131ndal\u0131k, ortam, belgelendirme, usta \u00f6\u011freticiler ve izleme-de\u011ferlendirme s\u00fcre\u00e7lerinde ya\u015fanan sorunlar ile \u00e7\u00f6z\u00fcm \u00f6nerileri, yeti\u015fkin akreditasyonu, AB projeleri ve proje yazma-y\u00fcr\u00fctme kapasitesinin geli\u015ftirilmesine y\u00f6nelik ihtiya\u00e7lar ve \u00f6neriler yer ald\u0131.<\/p>\n<p>Dijitalle\u015fme ve ye\u015fil d\u00f6n\u00fc\u015f\u00fcmle desteklenen dinamik \u00f6\u011frenme k\u00fclt\u00fcr\u00fc<br \/>\n<br \/>\u00c7al\u0131\u015ftay\u0131n birinci oturumunda mevcut sorun alanlar\u0131 belirlenirken, ikinci oturumda bu sorunlara y\u00f6nelik \u00e7\u00f6z\u00fcm \u00f6nerileri ve proje tasar\u0131mlar\u0131 geli\u015ftirildi. Program boyunca \u0130zmir \u0130l Milli E\u011fitim M\u00fcd\u00fcr\u00fc Dr. \u00d6mer Yah\u015fi, olu\u015fturulan be\u015f \u00e7al\u0131\u015fma grubunu ziyaret ederek \u00f6\u011fretmen ve y\u00f6neticilerle de\u011ferlendirmelerde bulundu. Yah\u015fi, \u00e7al\u0131\u015ftay\u0131n sahadaki ihtiya\u00e7lar\u0131 ortaya koymak, \u00e7\u00f6z\u00fcm \u00fcretmek ve \u0130zmir\u2019de hayat boyu \u00f6\u011frenme e\u011fitiminde kaliteyi y\u00fckseltmek i\u00e7in \u00f6nemli bir f\u0131rsat sundu\u011funu ifade etti. E\u011fitimde f\u0131rsat e\u015fitli\u011fini g\u00fc\u00e7lendiren, dijitalle\u015fme ve ye\u015fil d\u00f6n\u00fc\u015f\u00fcm gibi yeni nesil teknolojileri \u00f6\u011frenme s\u00fcre\u00e7lerine entegre eden dinamik bir \u00f6\u011frenme k\u00fclt\u00fcr\u00fc olu\u015fturmay\u0131 hedeflediklerini belirten Yah\u015fi, ortaya \u00e7\u0131kan \u00f6neri ve projelerin e\u011fitimden sosyal hayata, istihdamdan dijital okuryazarl\u0131\u011fa kadar geni\u015f bir alanda topluma katk\u0131 sa\u011flayaca\u011f\u0131n\u0131 vurgulad\u0131.<br \/>\n<br \/>\u00dc\u00e7\u00fcnc\u00fc oturumda ger\u00e7ekle\u015ftirilen proje sunumlar\u0131n\u0131n ard\u0131ndan genel de\u011ferlendirme yap\u0131larak \u00e7al\u0131\u015ftay sona erdi. Program, toplu foto\u011fraf \u00e7ekiminin ard\u0131ndan sona erdi.<br \/><\/p>\n","protected":false},"excerpt":{"rendered":"<p>\u0130zmir \u0130l Milli E\u011fitim M\u00fcd\u00fcrl\u00fc\u011f\u00fcn\u00fcn d\u00fczenledi\u011fi \u00e7al\u0131\u015ftayda, hayat boyu \u00f6\u011frenme faaliyetlerinin mevcut durumu de\u011ferlendirilerek ihtiya\u00e7lar ve \u00e7\u00f6z\u00fcm \u00f6nerileri ele al\u0131nd\u0131. Dijitalle\u015fme ve ye\u015fil d\u00f6n\u00fc\u015f\u00fcm oda\u011f\u0131nda geli\u015ftirilen proje fikirleriyle, \u0130zmir\u2019de \u00f6\u011frenme k\u00fclt\u00fcr\u00fcn\u00fcn g\u00fc\u00e7lendirilmesi hedeflendi. \u0130zmir \u0130l Milli E\u011fitim M\u00fcd\u00fcrl\u00fc\u011f\u00fc taraf\u0131ndan Gaziemir \u015eehit Mustafa Yaman \u0130mam Hatip Lisesi Konferans Salonunda &#8220;Hayat Boyu \u00d6\u011frenmeyi \u0130zleme, De\u011ferlendirme ve Geli\u015ftirme&#8230;<\/p>\n","protected":false},"author":1,"featured_media":71061,"comment_status":"open","ping_status":"open","sticky":false,"template":"","format":"standard","meta":{"_crdt_document":"","footnotes":""},"categories":[1],"tags":[],"class_list":["post-71060","post","type-post","status-publish","format-standard","has-post-thumbnail","hentry","category-guncel"],"_links":{"self":[{"href":"https:\/\/www.egemtv.com\/index.php?rest_route=\/wp\/v2\/posts\/71060","targetHints":{"allow":["GET"]}}],"collection":[{"href":"https:\/\/www.egemtv.com\/index.php?rest_route=\/wp\/v2\/posts"}],"about":[{"href":"https:\/\/www.egemtv.com\/index.php?rest_route=\/wp\/v2\/types\/post"}],"author":[{"embeddable":true,"href":"https:\/\/www.egemtv.com\/index.php?rest_route=\/wp\/v2\/users\/1"}],"replies":[{"embeddable":true,"href":"https:\/\/www.egemtv.com\/index.php?rest_route=%2Fwp%2Fv2%2Fcomments&post=71060"}],"version-history":[{"count":1,"href":"https:\/\/www.egemtv.com\/index.php?rest_route=\/wp\/v2\/posts\/71060\/revisions"}],"predecessor-version":[{"id":71062,"href":"https:\/\/www.egemtv.com\/index.php?rest_route=\/wp\/v2\/posts\/71060\/revisions\/71062"}],"wp:featuredmedia":[{"embeddable":true,"href":"https:\/\/www.egemtv.com\/index.php?rest_route=\/wp\/v2\/media\/71061"}],"wp:attachment":[{"href":"https:\/\/www.egemtv.com\/index.php?rest_route=%2Fwp%2Fv2%2Fmedia&parent=71060"}],"wp:term":[{"taxonomy":"category","embeddable":true,"href":"https:\/\/www.egemtv.com\/index.php?rest_route=%2Fwp%2Fv2%2Fcategories&post=71060"},{"taxonomy":"post_tag","embeddable":true,"href":"https:\/\/www.egemtv.com\/index.php?rest_route=%2Fwp%2Fv2%2Ftags&post=71060"}],"curies":[{"name":"wp","href":"https:\/\/api.w.org\/{rel}","templated":true}]}}