{"id":71057,"date":"2025-11-29T17:14:46","date_gmt":"2025-11-29T14:14:46","guid":{"rendered":"https:\/\/www.egemtv.com\/?p=71057"},"modified":"2025-11-29T17:14:46","modified_gmt":"2025-11-29T14:14:46","slug":"tarim-arazileri-taskinlara-karsi-korunuyor","status":"publish","type":"post","link":"https:\/\/www.egemtv.com\/?p=71057","title":{"rendered":"Tar\u0131m arazileri ta\u015fk\u0131nlara kar\u015f\u0131 korunuyor"},"content":{"rendered":"<p>Manisa Su ve Kanalizasyon \u0130daresi (MASK\u0130) Genel M\u00fcd\u00fcrl\u00fc\u011f\u00fc, ya\u011f\u0131\u015fl\u0131 havalarda olu\u015fabilecek ta\u015fk\u0131nlar\u0131 \u00f6nlemek ve tar\u0131m arazilerini korumak amac\u0131yla dere temizlik \u00e7al\u0131\u015fmalar\u0131n\u0131 h\u0131z kesmeden s\u00fcrd\u00fcr\u00fcyor. 2025 y\u0131l\u0131 i\u00e7inde toplam 359 bin metre temizlik \u00e7al\u0131\u015fmas\u0131 ger\u00e7ekle\u015ftiren MASK\u0130 ekipleri, son olarak G\u00f6lmarmara\u2019n\u0131n iki mahallesinde 3 kilometrelik dereyi temizleyerek b\u00f6lgedeki tar\u0131m arazilerini g\u00fcvence alt\u0131na ald\u0131.<br \/>\n<br \/>Manisa Su ve Kanalizasyon \u0130daresi (MASK\u0130) Genel M\u00fcd\u00fcrl\u00fc\u011f\u00fc, il genelindeki dere yataklar\u0131nda temizlik \u00e7al\u0131\u015fmalar\u0131n\u0131 aral\u0131ks\u0131z s\u00fcrd\u00fcr\u00fcyor. \u00c7evre Koruma ve Kontrol Dairesi Ba\u015fkanl\u0131\u011f\u0131 ekipleri taraf\u0131ndan G\u00f6lmarmara \u0130l\u00e7esi\u2019ne ba\u011fl\u0131 \u0130smetpa\u015fa ve Atat\u00fcrk mahallelerinde ba\u015flat\u0131lan 3 kilometrelik dere temizli\u011fi \u00e7al\u0131\u015fmas\u0131 tamamland\u0131. Bu \u00e7al\u0131\u015fma ile vatanda\u015flar g\u00fcvenli bir ya\u015fam alan\u0131na kavu\u015fman\u0131n yan\u0131nda b\u00f6lgedeki tar\u0131m arazileri de ta\u015fk\u0131n riskine kar\u015f\u0131 korunmu\u015f oldu.<\/p>\n<p>&#8220;\u00dcreticilerimiz de rahat bir nefes alacak&#8221;<br \/>\n<br \/>\u00c7evre Koruma ve Kontrol Dairesi Ba\u015fkan\u0131 Recep G\u00fcnay, &#8220;MASK\u0130 Genel M\u00fcd\u00fcrl\u00fc\u011f\u00fc olarak ilimiz genelinde hayata ge\u00e7irdi\u011fimiz dere temizli\u011fi, ta\u015fk\u0131n \u00f6nleme ve \u00e7evresel iyile\u015ftirme \u00e7al\u0131\u015fmalar\u0131yla hem do\u011fal ya\u015fam\u0131 korumaya hem de k\u0131rsal ekonomiyi desteklemeye devam ediyoruz. 2025 y\u0131l\u0131 i\u00e7erisinde yakla\u015f\u0131k 359 bin metre dere temizli\u011fi yapt\u0131k. Son olarak G\u00f6lmarmara il\u00e7emize ba\u011fl\u0131 \u0130smetpa\u015fa Mahallesi\u2019nde 2 bin 300 metre, Atat\u00fcrk Mahallesi\u2019nde ise 300 metre dere temizli\u011fini tamamlad\u0131k. MASK\u0130 olarak, vatanda\u015flar\u0131m\u0131z\u0131n can ve mal g\u00fcvenli\u011fi i\u00e7in Ba\u015fkan\u0131m\u0131z Besim Dutlulu \u00f6nc\u00fcl\u00fc\u011f\u00fcnde, derelerde temizlik, bak\u0131m ve \u0131slah \u00e7al\u0131\u015fmalar\u0131m\u0131z\u0131 program dahilinde s\u00fcrd\u00fcrmeye devam edece\u011fiz&#8221; dedi.<br \/><\/p>\n","protected":false},"excerpt":{"rendered":"<p>Manisa Su ve Kanalizasyon \u0130daresi (MASK\u0130) Genel M\u00fcd\u00fcrl\u00fc\u011f\u00fc, ya\u011f\u0131\u015fl\u0131 havalarda olu\u015fabilecek ta\u015fk\u0131nlar\u0131 \u00f6nlemek ve tar\u0131m arazilerini korumak amac\u0131yla dere temizlik \u00e7al\u0131\u015fmalar\u0131n\u0131 h\u0131z kesmeden s\u00fcrd\u00fcr\u00fcyor. 2025 y\u0131l\u0131 i\u00e7inde toplam 359 bin metre temizlik \u00e7al\u0131\u015fmas\u0131 ger\u00e7ekle\u015ftiren MASK\u0130 ekipleri, son olarak G\u00f6lmarmara\u2019n\u0131n iki mahallesinde 3 kilometrelik dereyi temizleyerek b\u00f6lgedeki tar\u0131m arazilerini g\u00fcvence alt\u0131na ald\u0131. Manisa Su ve Kanalizasyon&#8230;<\/p>\n","protected":false},"author":1,"featured_media":71058,"comment_status":"open","ping_status":"open","sticky":false,"template":"","format":"standard","meta":{"_crdt_document":"","footnotes":""},"categories":[125],"tags":[],"class_list":["post-71057","post","type-post","status-publish","format-standard","has-post-thumbnail","hentry","category-ekonomi"],"_links":{"self":[{"href":"https:\/\/www.egemtv.com\/index.php?rest_route=\/wp\/v2\/posts\/71057","targetHints":{"allow":["GET"]}}],"collection":[{"href":"https:\/\/www.egemtv.com\/index.php?rest_route=\/wp\/v2\/posts"}],"about":[{"href":"https:\/\/www.egemtv.com\/index.php?rest_route=\/wp\/v2\/types\/post"}],"author":[{"embeddable":true,"href":"https:\/\/www.egemtv.com\/index.php?rest_route=\/wp\/v2\/users\/1"}],"replies":[{"embeddable":true,"href":"https:\/\/www.egemtv.com\/index.php?rest_route=%2Fwp%2Fv2%2Fcomments&post=71057"}],"version-history":[{"count":1,"href":"https:\/\/www.egemtv.com\/index.php?rest_route=\/wp\/v2\/posts\/71057\/revisions"}],"predecessor-version":[{"id":71059,"href":"https:\/\/www.egemtv.com\/index.php?rest_route=\/wp\/v2\/posts\/71057\/revisions\/71059"}],"wp:featuredmedia":[{"embeddable":true,"href":"https:\/\/www.egemtv.com\/index.php?rest_route=\/wp\/v2\/media\/71058"}],"wp:attachment":[{"href":"https:\/\/www.egemtv.com\/index.php?rest_route=%2Fwp%2Fv2%2Fmedia&parent=71057"}],"wp:term":[{"taxonomy":"category","embeddable":true,"href":"https:\/\/www.egemtv.com\/index.php?rest_route=%2Fwp%2Fv2%2Fcategories&post=71057"},{"taxonomy":"post_tag","embeddable":true,"href":"https:\/\/www.egemtv.com\/index.php?rest_route=%2Fwp%2Fv2%2Ftags&post=71057"}],"curies":[{"name":"wp","href":"https:\/\/api.w.org\/{rel}","templated":true}]}}